{"id":3338,"date":"2023-09-19T17:24:27","date_gmt":"2023-09-19T15:24:27","guid":{"rendered":"https:\/\/katolikgroup.pl\/?p=3338"},"modified":"2023-10-09T16:10:00","modified_gmt":"2023-10-09T14:10:00","slug":"katolik-group-a-optoelectronic-inovace-a-technologie-v-centru-pozornosti","status":"publish","type":"post","link":"https:\/\/katolikgroup.pl\/cs\/katolik-group-a-optoelectronic-inovace-a-technologie-v-centru-pozornosti\/","title":{"rendered":"Katolik Group a OptoElectronic &#8211; inovace a technologie v centru pozornosti"},"content":{"rendered":"<p><strong>Jsme r\u00e1di, \u017ee m\u016f\u017eeme ozn\u00e1mit dal\u0161\u00ed d\u016fle\u017eit\u00fd krok v rozvoji Katolik Group \u2013 nav\u00e1z\u00e1n\u00ed strategick\u00e9ho partnerstv\u00ed se spole\u010dnost\u00ed OptoElectronic, jedn\u00edm z p\u0159edn\u00edch hr\u00e1\u010d\u016f v oboru optoelektroniky v Polsku. V pokra\u010dov\u00e1n\u00ed posl\u00e1n\u00ed roz\u0161i\u0159ovat obzory a vstupovat do nov\u00fdch segment\u016f trhu se Katolik Group rozhodla spolupracovat se spole\u010dnost\u00ed specializuj\u00edc\u00ed se mimo jin\u00e9 na pokro\u010dil\u00e9 sv\u011bteln\u00e9 technologie. optick\u00e9 t\u0159\u00eddi\u010de a rentgenov\u00e9 p\u0159\u00edstroje<\/strong><\/p>\n<p>OptoElectronic, se zavedenou tr\u017en\u00ed pozic\u00ed v oblasti optoelektronick\u00fdch technologi\u00ed, m\u00e1 d\u00edky t\u00e9to spolupr\u00e1ci mo\u017enost roz\u0161\u00ed\u0159it sv\u00e9 provozn\u00ed spektrum a vstoupit do nov\u00fdch segment\u016f trhu s vyu\u017eit\u00edm zku\u0161enost\u00ed a podpory Katolik Group.<\/p>\n<p>&#8222;Je to d\u016fle\u017eit\u00fd okam\u017eik pro na\u0161i spole\u010dnost. V\u011b\u0159\u00edme, \u017ee spolupr\u00e1ce s tak uzn\u00e1van\u00fdm partnerem, jak\u00fdm je Katolik Group, n\u00e1m umo\u017en\u00ed d\u00e1le rozv\u00edjet na\u0161e technologie a nab\u00edzet z\u00e1kazn\u00edk\u016fm je\u0161t\u011b lep\u0161\u00ed, inovativn\u00ed \u0159e\u0161en\u00ed&#8220; &#8211; zd\u016fraz\u0148uje z\u00e1stupce spole\u010dnosti OptoElectronic Marcin Kalis.<\/p>\n<p>Katolik Group zase vid\u00ed dovnit\u0159 Toto partnerstv\u00ed p\u0159in\u00e1\u0161\u00ed nejen rozvoj podnik\u00e1n\u00ed, ale p\u0159edev\u0161\u00edm p\u0159\u00edstup k nov\u00fdm, vysp\u011bl\u00fdm technologi\u00edm, kter\u00e9 lze implementovat do r\u016fzn\u00fdch segment\u016f fungov\u00e1n\u00ed spole\u010dnosti. &#8222;Inovace jsou pro n\u00e1s kl\u00ed\u010dem k \u00fasp\u011bchu. Spolupr\u00e1ce s OptoElectronic n\u00e1m otev\u00edr\u00e1 nov\u00e9, fascinuj\u00edc\u00ed mo\u017enosti,&#8220; dod\u00e1v\u00e1 z\u00e1stupce Katolik Group.<\/p>\n<p>V bl\u00edzk\u00e9 budoucnosti ob\u011b spole\u010dnosti pl\u00e1nuj\u00ed p\u0159edstavit prvn\u00ed spole\u010dn\u00e9 projekty a iniciativy, kter\u00e9 spoj\u00ed znalosti a zku\u0161enosti obou spole\u010dnost\u00ed. O\u010dek\u00e1v\u00e1n\u00ed jsou vysok\u00e1 a nad\u0161en\u00ed trhu pro tuto spolupr\u00e1ci roste.<\/p>\n<p>Doporu\u010dujeme v\u00e1m sledovat webov\u00e9 str\u00e1nky obou spole\u010dnost\u00ed, abyste m\u011bli v\u017edy aktu\u00e1ln\u00ed informace o t\u00e9to vzru\u0161uj\u00edc\u00ed spolupr\u00e1ci.<\/p>\n<p style=\"text-align: center;\"><strong>Aktu\u00e1ln\u00ed produkty z \u0159ady OptoElectronic:<\/strong><\/p>\n<p style=\"text-align: center;\"><a class=\"woocommerce-loop-image-link woocommerce-LoopProduct-link woocommerce-loop-product__link product-has-hover-image\" href=\"https:\/\/www.optoelectronic.pl\/produkt\/jednostka-pakujaca-fag-750\/\"><img fetchpriority=\"high\" decoding=\"async\" class=\"attachment-woocommerce_thumbnail size-woocommerce_thumbnail aligncenter\" src=\"https:\/\/www.optoelectronic.pl\/wp-content\/uploads\/2022\/11\/Jednostka-pakujaca-FAG-750-Series-do-sklepu-z-tlem1-logo-300x300.jpg\" sizes=\"(max-width: 300px) 100vw, 300px\" srcset=\"https:\/\/www.optoelectronic.pl\/wp-content\/uploads\/2022\/11\/Jednostka-pakujaca-FAG-750-Series-do-sklepu-z-tlem1-logo-300x300.jpg 300w, https:\/\/www.optoelectronic.pl\/wp-content\/uploads\/2022\/11\/Jednostka-pakujaca-FAG-750-Series-do-sklepu-z-tlem1-logo-100x100.jpg 100w, https:\/\/www.optoelectronic.pl\/wp-content\/uploads\/2022\/11\/Jednostka-pakujaca-FAG-750-Series-do-sklepu-z-tlem1-logo-600x600.jpg 600w, https:\/\/www.optoelectronic.pl\/wp-content\/uploads\/2022\/11\/Jednostka-pakujaca-FAG-750-Series-do-sklepu-z-tlem1-logo-150x150.jpg 150w, https:\/\/www.optoelectronic.pl\/wp-content\/uploads\/2022\/11\/Jednostka-pakujaca-FAG-750-Series-do-sklepu-z-tlem1-logo-768x768.jpg 768w, https:\/\/www.optoelectronic.pl\/wp-content\/uploads\/2022\/11\/Jednostka-pakujaca-FAG-750-Series-do-sklepu-z-tlem1-logo-170x170.jpg 170w, https:\/\/www.optoelectronic.pl\/wp-content\/uploads\/2022\/11\/Jednostka-pakujaca-FAG-750-Series-do-sklepu-z-tlem1-logo-85x85.jpg 85w, https:\/\/www.optoelectronic.pl\/wp-content\/uploads\/2022\/11\/Jednostka-pakujaca-FAG-750-Series-do-sklepu-z-tlem1-logo.jpg 800w\" alt=\"\" width=\"300\" height=\"300\" \/><\/a><\/p>\n<div class=\"product-details content-bg entry-content-wrap\" style=\"text-align: center;\">\n<h2 class=\"woocommerce-loop-product__title\"><a class=\"woocommerce-LoopProduct-link-title woocommerce-loop-product__title_ink\" href=\"https:\/\/www.optoelectronic.pl\/produkt\/jednostka-pakujaca-fag-750\/\">OBALOV\u00c1 JEDNOTKA FAG \u2013 750<\/a><\/h2>\n<div class=\"product-action-wrap\"><a class=\"button wp-element-button product_type_simple\" href=\"https:\/\/www.optoelectronic.pl\/produkt\/jednostka-pakujaca-fag-750\/\" rel=\"nofollow\" data-quantity=\"1\" data-product_id=\"282\" data-product_sku=\"\" aria-label=\"Przeczytaj wi\u0119cej o \u201eJEDNOSTKA PAKUJ\u0104CA FAG - 750\u201d\">\u010d\u00edst d\u00e1l<\/a><\/div>\n<\/div>\n<p style=\"text-align: center;\"><a class=\"woocommerce-loop-image-link woocommerce-LoopProduct-link woocommerce-loop-product__link product-has-hover-image\" href=\"https:\/\/www.optoelectronic.pl\/produkt\/polautomatyczna-waga-pud-25-gp\/\"><img decoding=\"async\" class=\"attachment-woocommerce_thumbnail size-woocommerce_thumbnail aligncenter\" src=\"https:\/\/www.optoelectronic.pl\/wp-content\/uploads\/2022\/11\/Polautomatyczna-waga-PUD25-GP-tlo-i-logo-300x300.jpg\" sizes=\"(max-width: 300px) 100vw, 300px\" srcset=\"https:\/\/www.optoelectronic.pl\/wp-content\/uploads\/2022\/11\/Polautomatyczna-waga-PUD25-GP-tlo-i-logo-300x300.jpg 300w, https:\/\/www.optoelectronic.pl\/wp-content\/uploads\/2022\/11\/Polautomatyczna-waga-PUD25-GP-tlo-i-logo-100x100.jpg 100w, https:\/\/www.optoelectronic.pl\/wp-content\/uploads\/2022\/11\/Polautomatyczna-waga-PUD25-GP-tlo-i-logo-600x600.jpg 600w, https:\/\/www.optoelectronic.pl\/wp-content\/uploads\/2022\/11\/Polautomatyczna-waga-PUD25-GP-tlo-i-logo-150x150.jpg 150w, https:\/\/www.optoelectronic.pl\/wp-content\/uploads\/2022\/11\/Polautomatyczna-waga-PUD25-GP-tlo-i-logo-768x768.jpg 768w, https:\/\/www.optoelectronic.pl\/wp-content\/uploads\/2022\/11\/Polautomatyczna-waga-PUD25-GP-tlo-i-logo-170x170.jpg 170w, https:\/\/www.optoelectronic.pl\/wp-content\/uploads\/2022\/11\/Polautomatyczna-waga-PUD25-GP-tlo-i-logo-85x85.jpg 85w, https:\/\/www.optoelectronic.pl\/wp-content\/uploads\/2022\/11\/Polautomatyczna-waga-PUD25-GP-tlo-i-logo.jpg 800w\" alt=\"Polautomatyczna waga PUD25-GP tlo\" width=\"300\" height=\"300\" \/><\/a><\/p>\n<div class=\"product-details content-bg entry-content-wrap\" style=\"text-align: center;\">\n<h2 class=\"woocommerce-loop-product__title\"><a class=\"woocommerce-LoopProduct-link-title woocommerce-loop-product__title_ink\" href=\"https:\/\/www.optoelectronic.pl\/produkt\/polautomatyczna-waga-pud-25-gp\/\">Poloautomatick\u00e1 v\u00e1ha PUD 25-GP<\/a><\/h2>\n<div class=\"product-action-wrap\"><a class=\"button wp-element-button product_type_simple\" href=\"https:\/\/www.optoelectronic.pl\/produkt\/polautomatyczna-waga-pud-25-gp\/\" rel=\"nofollow\" data-quantity=\"1\" data-product_id=\"256\" data-product_sku=\"\" aria-label=\"Przeczytaj wi\u0119cej o \u201eP\u00f3\u0142automatyczna waga PUD 25-GP\u201d\">\u010d\u00edst d\u00e1l<\/a><\/div>\n<\/div>\n<p style=\"text-align: center;\"><a class=\"woocommerce-loop-image-link woocommerce-LoopProduct-link woocommerce-loop-product__link product-has-hover-image\" href=\"https:\/\/www.optoelectronic.pl\/produkt\/pompa-ciepla-dc-r32\/\"><img decoding=\"async\" class=\"attachment-woocommerce_thumbnail size-woocommerce_thumbnail aligncenter\" src=\"https:\/\/www.optoelectronic.pl\/wp-content\/uploads\/2023\/03\/Pompa-Ciepla-DC-R32-wer-2-300x300.jpg\" sizes=\"(max-width: 300px) 100vw, 300px\" srcset=\"https:\/\/www.optoelectronic.pl\/wp-content\/uploads\/2023\/03\/Pompa-Ciepla-DC-R32-wer-2-300x300.jpg 300w, https:\/\/www.optoelectronic.pl\/wp-content\/uploads\/2023\/03\/Pompa-Ciepla-DC-R32-wer-2-150x150.jpg 150w, https:\/\/www.optoelectronic.pl\/wp-content\/uploads\/2023\/03\/Pompa-Ciepla-DC-R32-wer-2-100x100.jpg 100w, https:\/\/www.optoelectronic.pl\/wp-content\/uploads\/2023\/03\/Pompa-Ciepla-DC-R32-wer-2-170x170.jpg 170w, https:\/\/www.optoelectronic.pl\/wp-content\/uploads\/2023\/03\/Pompa-Ciepla-DC-R32-wer-2-85x85.jpg 85w\" alt=\"Pompa Ciep\u0142a DC - R32 wer 2\" width=\"300\" height=\"300\" \/><\/a><\/p>\n<div class=\"product-details content-bg entry-content-wrap\" style=\"text-align: center;\">\n<h2 class=\"woocommerce-loop-product__title\"><a class=\"woocommerce-LoopProduct-link-title woocommerce-loop-product__title_ink\" href=\"https:\/\/www.optoelectronic.pl\/produkt\/pompa-ciepla-dc-r32\/\">Tepeln\u00e9 \u010derpadlo DC \u2013 R32<\/a><\/h2>\n<div class=\"product-action-wrap\"><a class=\"button wp-element-button product_type_simple\" href=\"https:\/\/www.optoelectronic.pl\/produkt\/pompa-ciepla-dc-r32\/\" rel=\"nofollow\" data-quantity=\"1\" data-product_id=\"517\" data-product_sku=\"\" aria-label=\"Przeczytaj wi\u0119cej o \u201ePompa ciep\u0142a DC - R32\u201d\">\u010d\u00edst d\u00e1l<\/a><\/div>\n<\/div>\n<p style=\"text-align: center;\"><a class=\"woocommerce-loop-image-link woocommerce-LoopProduct-link woocommerce-loop-product__link\" href=\"https:\/\/www.optoelectronic.pl\/produkt\/pompa-ciepla-r290\/\"><img loading=\"lazy\" decoding=\"async\" class=\"attachment-woocommerce_thumbnail size-woocommerce_thumbnail aligncenter\" src=\"https:\/\/www.optoelectronic.pl\/wp-content\/uploads\/2023\/06\/r90-300x300.png\" sizes=\"(max-width: 300px) 100vw, 300px\" srcset=\"https:\/\/www.optoelectronic.pl\/wp-content\/uploads\/2023\/06\/r90-300x300.png 300w, https:\/\/www.optoelectronic.pl\/wp-content\/uploads\/2023\/06\/r90-150x150.png 150w, https:\/\/www.optoelectronic.pl\/wp-content\/uploads\/2023\/06\/r90-600x600.png 600w, https:\/\/www.optoelectronic.pl\/wp-content\/uploads\/2023\/06\/r90-100x100.png 100w, https:\/\/www.optoelectronic.pl\/wp-content\/uploads\/2023\/06\/r90-170x170.png 170w, https:\/\/www.optoelectronic.pl\/wp-content\/uploads\/2023\/06\/r90-85x85.png 85w, https:\/\/www.optoelectronic.pl\/wp-content\/uploads\/2023\/06\/r90.png 720w\" alt=\"\" width=\"300\" height=\"300\" \/><\/a><\/p>\n<div class=\"product-details content-bg entry-content-wrap\" style=\"text-align: center;\">\n<h2 class=\"woocommerce-loop-product__title\"><a class=\"woocommerce-LoopProduct-link-title woocommerce-loop-product__title_ink\" href=\"https:\/\/www.optoelectronic.pl\/produkt\/pompa-ciepla-r290\/\">Tepeln\u00e9 \u010derpadlo R290<\/a><\/h2>\n<div class=\"product-action-wrap\"><a class=\"button wp-element-button product_type_simple\" href=\"https:\/\/www.optoelectronic.pl\/produkt\/pompa-ciepla-r290\/\" rel=\"nofollow\" data-quantity=\"1\" data-product_id=\"705\" data-product_sku=\"\" aria-label=\"Przeczytaj wi\u0119cej o \u201ePompa ciep\u0142a R290\u201d\">\u010d\u00edst d\u00e1l<\/a><\/div>\n<\/div>\n<p style=\"text-align: center;\"><a class=\"woocommerce-loop-image-link woocommerce-LoopProduct-link woocommerce-loop-product__link product-has-hover-image\" href=\"https:\/\/www.optoelectronic.pl\/produkt\/sortownik-kolorow-ziaren\/\"><img loading=\"lazy\" decoding=\"async\" class=\"attachment-woocommerce_thumbnail size-woocommerce_thumbnail aligncenter\" src=\"https:\/\/www.optoelectronic.pl\/wp-content\/uploads\/2022\/12\/Sortownik-6SXC-126-z-tlem-i-logo-300x300.jpg\" sizes=\"(max-width: 300px) 100vw, 300px\" srcset=\"https:\/\/www.optoelectronic.pl\/wp-content\/uploads\/2022\/12\/Sortownik-6SXC-126-z-tlem-i-logo-300x300.jpg 300w, https:\/\/www.optoelectronic.pl\/wp-content\/uploads\/2022\/12\/Sortownik-6SXC-126-z-tlem-i-logo-100x100.jpg 100w, https:\/\/www.optoelectronic.pl\/wp-content\/uploads\/2022\/12\/Sortownik-6SXC-126-z-tlem-i-logo-600x600.jpg 600w, https:\/\/www.optoelectronic.pl\/wp-content\/uploads\/2022\/12\/Sortownik-6SXC-126-z-tlem-i-logo-150x150.jpg 150w, https:\/\/www.optoelectronic.pl\/wp-content\/uploads\/2022\/12\/Sortownik-6SXC-126-z-tlem-i-logo-768x768.jpg 768w, https:\/\/www.optoelectronic.pl\/wp-content\/uploads\/2022\/12\/Sortownik-6SXC-126-z-tlem-i-logo-170x170.jpg 170w, https:\/\/www.optoelectronic.pl\/wp-content\/uploads\/2022\/12\/Sortownik-6SXC-126-z-tlem-i-logo-85x85.jpg 85w, https:\/\/www.optoelectronic.pl\/wp-content\/uploads\/2022\/12\/Sortownik-6SXC-126-z-tlem-i-logo.jpg 800w\" alt=\"\" width=\"300\" height=\"300\" \/><\/a><\/p>\n<div class=\"product-details content-bg entry-content-wrap\" style=\"text-align: center;\">\n<h2 class=\"woocommerce-loop-product__title\"><a class=\"woocommerce-LoopProduct-link-title woocommerce-loop-product__title_ink\" href=\"https:\/\/www.optoelectronic.pl\/produkt\/sortownik-kolorow-ziaren\/\">T\u0158\u00cdDI\u010c BAREV ZRN\u00cd<\/a><\/h2>\n<div class=\"product-action-wrap\"><a class=\"button wp-element-button product_type_simple\" href=\"https:\/\/www.optoelectronic.pl\/produkt\/sortownik-kolorow-ziaren\/\" rel=\"nofollow\" data-quantity=\"1\" data-product_id=\"290\" data-product_sku=\"\" aria-label=\"Przeczytaj wi\u0119cej o \u201eSORTOWNIK KOLOR\u00d3W ZIAREN\u201d\">\u010d\u00edst d\u00e1l<\/a><\/div>\n<\/div>\n<p style=\"text-align: center;\"><a class=\"woocommerce-loop-image-link woocommerce-LoopProduct-link woocommerce-loop-product__link product-has-hover-image\" href=\"https:\/\/www.optoelectronic.pl\/produkt\/sortownik-optyczny-plastiku-kolorowego\/\"><img loading=\"lazy\" decoding=\"async\" class=\"attachment-woocommerce_thumbnail size-woocommerce_thumbnail aligncenter\" src=\"https:\/\/www.optoelectronic.pl\/wp-content\/uploads\/2022\/11\/Sortwonik-4s-z-tlem-i-logo-300x300.jpg\" sizes=\"(max-width: 300px) 100vw, 300px\" srcset=\"https:\/\/www.optoelectronic.pl\/wp-content\/uploads\/2022\/11\/Sortwonik-4s-z-tlem-i-logo-300x300.jpg 300w, https:\/\/www.optoelectronic.pl\/wp-content\/uploads\/2022\/11\/Sortwonik-4s-z-tlem-i-logo-100x100.jpg 100w, https:\/\/www.optoelectronic.pl\/wp-content\/uploads\/2022\/11\/Sortwonik-4s-z-tlem-i-logo-600x600.jpg 600w, https:\/\/www.optoelectronic.pl\/wp-content\/uploads\/2022\/11\/Sortwonik-4s-z-tlem-i-logo-150x150.jpg 150w, https:\/\/www.optoelectronic.pl\/wp-content\/uploads\/2022\/11\/Sortwonik-4s-z-tlem-i-logo-768x768.jpg 768w, https:\/\/www.optoelectronic.pl\/wp-content\/uploads\/2022\/11\/Sortwonik-4s-z-tlem-i-logo-170x170.jpg 170w, https:\/\/www.optoelectronic.pl\/wp-content\/uploads\/2022\/11\/Sortwonik-4s-z-tlem-i-logo-85x85.jpg 85w, https:\/\/www.optoelectronic.pl\/wp-content\/uploads\/2022\/11\/Sortwonik-4s-z-tlem-i-logo.jpg 800w\" alt=\"\" width=\"300\" height=\"300\" \/><\/a><\/p>\n<div class=\"product-details content-bg entry-content-wrap\" style=\"text-align: center;\">\n<h2 class=\"woocommerce-loop-product__title\"><a class=\"woocommerce-LoopProduct-link-title woocommerce-loop-product__title_ink\" href=\"https:\/\/www.optoelectronic.pl\/produkt\/sortownik-optyczny-plastiku-kolorowego\/\">OPTICK\u00dd T\u0158\u00cdDI\u010c BAREV PLASTU<\/a><\/h2>\n<div class=\"product-action-wrap\"><a class=\"button wp-element-button product_type_simple\" href=\"https:\/\/www.optoelectronic.pl\/produkt\/sortownik-optyczny-plastiku-kolorowego\/\" rel=\"nofollow\" data-quantity=\"1\" data-product_id=\"284\" data-product_sku=\"\" aria-label=\"Przeczytaj wi\u0119cej o \u201eSORTOWNIK OPTYCZNY PLASTIKU KOLOROWEGO\u201d\">\u010d\u00edst d\u00e1l<\/a><\/div>\n<\/div>\n<p style=\"text-align: center;\"><a class=\"woocommerce-loop-image-link woocommerce-LoopProduct-link woocommerce-loop-product__link product-has-hover-image\" href=\"https:\/\/www.optoelectronic.pl\/produkt\/szafa-hydrauliczna-torra\/\"><img loading=\"lazy\" decoding=\"async\" class=\"attachment-woocommerce_thumbnail size-woocommerce_thumbnail aligncenter\" src=\"https:\/\/www.optoelectronic.pl\/wp-content\/uploads\/2023\/06\/szafa-hydrauliczna-0-300x300.png\" sizes=\"(max-width: 300px) 100vw, 300px\" srcset=\"https:\/\/www.optoelectronic.pl\/wp-content\/uploads\/2023\/06\/szafa-hydrauliczna-0-300x300.png 300w, https:\/\/www.optoelectronic.pl\/wp-content\/uploads\/2023\/06\/szafa-hydrauliczna-0-150x150.png 150w, https:\/\/www.optoelectronic.pl\/wp-content\/uploads\/2023\/06\/szafa-hydrauliczna-0-600x600.png 600w, https:\/\/www.optoelectronic.pl\/wp-content\/uploads\/2023\/06\/szafa-hydrauliczna-0-100x100.png 100w, https:\/\/www.optoelectronic.pl\/wp-content\/uploads\/2023\/06\/szafa-hydrauliczna-0-170x170.png 170w, https:\/\/www.optoelectronic.pl\/wp-content\/uploads\/2023\/06\/szafa-hydrauliczna-0-85x85.png 85w, https:\/\/www.optoelectronic.pl\/wp-content\/uploads\/2023\/06\/szafa-hydrauliczna-0.png 720w\" alt=\"szafa-hydrauliczna\" width=\"300\" height=\"300\" \/><\/a><\/p>\n<div class=\"product-details content-bg entry-content-wrap\">\n<h2 class=\"woocommerce-loop-product__title\" style=\"text-align: center;\"><a class=\"woocommerce-LoopProduct-link-title woocommerce-loop-product__title_ink\" href=\"https:\/\/www.optoelectronic.pl\/produkt\/szafa-hydrauliczna-torra\/\">Hydraulick\u00e1 sk\u0159\u00ed\u0148 TORRA<\/a><\/h2>\n<div class=\"product-action-wrap\" style=\"text-align: center;\"><a class=\"button wp-element-button product_type_simple\" href=\"https:\/\/www.optoelectronic.pl\/produkt\/szafa-hydrauliczna-torra\/\" rel=\"nofollow\" data-quantity=\"1\" data-product_id=\"714\" data-product_sku=\"\" aria-label=\"Przeczytaj wi\u0119cej o \u201eSzafa hydrauliczna TORRA\u201d\">\u010d\u00edst d\u00e1l<\/a><\/div>\n<\/div>\n","protected":false},"excerpt":{"rendered":"<p>Jsme r\u00e1di, \u017ee m\u016f\u017eeme ozn\u00e1mit dal\u0161\u00ed d\u016fle\u017eit\u00fd krok v rozvoji Katolik Group \u2013 nav\u00e1z\u00e1n\u00ed strategick\u00e9ho partnerstv\u00ed se spole\u010dnost\u00ed OptoElectronic, jedn\u00edm z p\u0159edn\u00edch hr\u00e1\u010d\u016f v oboru optoelektroniky v Polsku. V pokra\u010dov\u00e1n\u00ed posl\u00e1n\u00ed roz\u0161i\u0159ovat obzory a vstupovat do nov\u00fdch segment\u016f trhu se Katolik Group rozhodla spolupracovat se spole\u010dnost\u00ed specializuj\u00edc\u00ed se mimo jin\u00e9 na pokro\u010dil\u00e9 sv\u011bteln\u00e9 technologie. optick\u00e9 [&hellip;]<\/p>\n","protected":false},"author":1,"featured_media":3268,"comment_status":"closed","ping_status":"closed","sticky":false,"template":"","format":"standard","meta":{"footnotes":""},"categories":[1],"tags":[],"yoast_head":"<!-- This site is optimized with the Yoast SEO plugin v21.8 - https:\/\/yoast.com\/wordpress\/plugins\/seo\/ -->\n<title>Katolik Group a OptoElectronic - inovace a technologie v centru pozornosti - Katolik Group<\/title>\n<meta name=\"robots\" content=\"index, follow, max-snippet:-1, max-image-preview:large, max-video-preview:-1\" \/>\n<link rel=\"canonical\" href=\"https:\/\/katolikgroup.pl\/cs\/katolik-group-a-optoelectronic-inovace-a-technologie-v-centru-pozornosti\/\" \/>\n<meta property=\"og:locale\" content=\"cs_CZ\" \/>\n<meta property=\"og:type\" content=\"article\" \/>\n<meta property=\"og:title\" content=\"Katolik Group a OptoElectronic - inovace a technologie v centru pozornosti - Katolik Group\" \/>\n<meta property=\"og:description\" content=\"Jsme r\u00e1di, \u017ee m\u016f\u017eeme ozn\u00e1mit dal\u0161\u00ed d\u016fle\u017eit\u00fd krok v rozvoji Katolik Group \u2013 nav\u00e1z\u00e1n\u00ed strategick\u00e9ho partnerstv\u00ed se spole\u010dnost\u00ed OptoElectronic, jedn\u00edm z p\u0159edn\u00edch hr\u00e1\u010d\u016f v oboru optoelektroniky v Polsku. V pokra\u010dov\u00e1n\u00ed posl\u00e1n\u00ed roz\u0161i\u0159ovat obzory a vstupovat do nov\u00fdch segment\u016f trhu se Katolik Group rozhodla spolupracovat se spole\u010dnost\u00ed specializuj\u00edc\u00ed se mimo jin\u00e9 na pokro\u010dil\u00e9 sv\u011bteln\u00e9 technologie. optick\u00e9 [&hellip;]\" \/>\n<meta property=\"og:url\" content=\"https:\/\/katolikgroup.pl\/cs\/katolik-group-a-optoelectronic-inovace-a-technologie-v-centru-pozornosti\/\" \/>\n<meta property=\"og:site_name\" content=\"Katolik Group\" \/>\n<meta property=\"article:published_time\" content=\"2023-09-19T15:24:27+00:00\" \/>\n<meta property=\"article:modified_time\" content=\"2023-10-09T14:10:00+00:00\" \/>\n<meta property=\"og:image\" content=\"https:\/\/katolikgroup.pl\/wp-content\/uploads\/2023\/09\/Optoelectronic-na-targach-krotka-historia.jpg\" \/>\n\t<meta property=\"og:image:width\" content=\"800\" \/>\n\t<meta property=\"og:image:height\" content=\"600\" \/>\n\t<meta property=\"og:image:type\" content=\"image\/jpeg\" \/>\n<meta name=\"author\" content=\"admin\" \/>\n<meta name=\"twitter:card\" content=\"summary_large_image\" \/>\n<meta name=\"twitter:label1\" content=\"Napsal(a)\" \/>\n\t<meta name=\"twitter:data1\" content=\"admin\" \/>\n\t<meta name=\"twitter:label2\" content=\"Odhadovan\u00e1 doba \u010dten\u00ed\" \/>\n\t<meta name=\"twitter:data2\" content=\"3 minuty\" \/>\n<script type=\"application\/ld+json\" class=\"yoast-schema-graph\">{\"@context\":\"https:\/\/schema.org\",\"@graph\":[{\"@type\":\"Article\",\"@id\":\"https:\/\/katolikgroup.pl\/cs\/katolik-group-a-optoelectronic-inovace-a-technologie-v-centru-pozornosti\/#article\",\"isPartOf\":{\"@id\":\"https:\/\/katolikgroup.pl\/cs\/katolik-group-a-optoelectronic-inovace-a-technologie-v-centru-pozornosti\/\"},\"author\":{\"name\":\"admin\",\"@id\":\"https:\/\/katolikgroup.pl\/#\/schema\/person\/d62c16c283dfc7a00720eefb88179e43\"},\"headline\":\"Katolik Group a OptoElectronic &#8211; inovace a technologie v centru pozornosti\",\"datePublished\":\"2023-09-19T15:24:27+00:00\",\"dateModified\":\"2023-10-09T14:10:00+00:00\",\"mainEntityOfPage\":{\"@id\":\"https:\/\/katolikgroup.pl\/cs\/katolik-group-a-optoelectronic-inovace-a-technologie-v-centru-pozornosti\/\"},\"wordCount\":389,\"publisher\":{\"@id\":\"https:\/\/katolikgroup.pl\/#organization\"},\"articleSection\":[\"Bez kategorii\"],\"inLanguage\":\"cs\"},{\"@type\":\"WebPage\",\"@id\":\"https:\/\/katolikgroup.pl\/cs\/katolik-group-a-optoelectronic-inovace-a-technologie-v-centru-pozornosti\/\",\"url\":\"https:\/\/katolikgroup.pl\/cs\/katolik-group-a-optoelectronic-inovace-a-technologie-v-centru-pozornosti\/\",\"name\":\"Katolik Group a OptoElectronic - inovace a technologie v centru pozornosti - Katolik Group\",\"isPartOf\":{\"@id\":\"https:\/\/katolikgroup.pl\/#website\"},\"datePublished\":\"2023-09-19T15:24:27+00:00\",\"dateModified\":\"2023-10-09T14:10:00+00:00\",\"breadcrumb\":{\"@id\":\"https:\/\/katolikgroup.pl\/cs\/katolik-group-a-optoelectronic-inovace-a-technologie-v-centru-pozornosti\/#breadcrumb\"},\"inLanguage\":\"cs\",\"potentialAction\":[{\"@type\":\"ReadAction\",\"target\":[\"https:\/\/katolikgroup.pl\/cs\/katolik-group-a-optoelectronic-inovace-a-technologie-v-centru-pozornosti\/\"]}]},{\"@type\":\"BreadcrumbList\",\"@id\":\"https:\/\/katolikgroup.pl\/cs\/katolik-group-a-optoelectronic-inovace-a-technologie-v-centru-pozornosti\/#breadcrumb\",\"itemListElement\":[{\"@type\":\"ListItem\",\"position\":1,\"name\":\"Strona g\u0142\u00f3wna\",\"item\":\"https:\/\/katolikgroup.pl\/cs\/\"},{\"@type\":\"ListItem\",\"position\":2,\"name\":\"Katolik Group a OptoElectronic &#8211; inovace a technologie v centru pozornosti\"}]},{\"@type\":\"WebSite\",\"@id\":\"https:\/\/katolikgroup.pl\/#website\",\"url\":\"https:\/\/katolikgroup.pl\/\",\"name\":\"Katolik Group\",\"description\":\"\",\"publisher\":{\"@id\":\"https:\/\/katolikgroup.pl\/#organization\"},\"potentialAction\":[{\"@type\":\"SearchAction\",\"target\":{\"@type\":\"EntryPoint\",\"urlTemplate\":\"https:\/\/katolikgroup.pl\/?s={search_term_string}\"},\"query-input\":\"required name=search_term_string\"}],\"inLanguage\":\"cs\"},{\"@type\":\"Organization\",\"@id\":\"https:\/\/katolikgroup.pl\/#organization\",\"name\":\"Katolik Group\",\"url\":\"https:\/\/katolikgroup.pl\/\",\"logo\":{\"@type\":\"ImageObject\",\"inLanguage\":\"cs\",\"@id\":\"https:\/\/katolikgroup.pl\/#\/schema\/logo\/image\/\",\"url\":\"https:\/\/katolikgroup.pl\/wp-content\/uploads\/2023\/10\/logo_katolik-.webp\",\"contentUrl\":\"https:\/\/katolikgroup.pl\/wp-content\/uploads\/2023\/10\/logo_katolik-.webp\",\"width\":120,\"height\":73,\"caption\":\"Katolik Group\"},\"image\":{\"@id\":\"https:\/\/katolikgroup.pl\/#\/schema\/logo\/image\/\"}},{\"@type\":\"Person\",\"@id\":\"https:\/\/katolikgroup.pl\/#\/schema\/person\/d62c16c283dfc7a00720eefb88179e43\",\"name\":\"admin\",\"sameAs\":[\"https:\/\/katolik.abc-x.pl\"],\"url\":\"https:\/\/katolikgroup.pl\/cs\/author\/admin\/\"}]}<\/script>\n<!-- \/ Yoast SEO plugin. -->","yoast_head_json":{"title":"Katolik Group a OptoElectronic - inovace a technologie v centru pozornosti - Katolik Group","robots":{"index":"index","follow":"follow","max-snippet":"max-snippet:-1","max-image-preview":"max-image-preview:large","max-video-preview":"max-video-preview:-1"},"canonical":"https:\/\/katolikgroup.pl\/cs\/katolik-group-a-optoelectronic-inovace-a-technologie-v-centru-pozornosti\/","og_locale":"cs_CZ","og_type":"article","og_title":"Katolik Group a OptoElectronic - inovace a technologie v centru pozornosti - Katolik Group","og_description":"Jsme r\u00e1di, \u017ee m\u016f\u017eeme ozn\u00e1mit dal\u0161\u00ed d\u016fle\u017eit\u00fd krok v rozvoji Katolik Group \u2013 nav\u00e1z\u00e1n\u00ed strategick\u00e9ho partnerstv\u00ed se spole\u010dnost\u00ed OptoElectronic, jedn\u00edm z p\u0159edn\u00edch hr\u00e1\u010d\u016f v oboru optoelektroniky v Polsku. V pokra\u010dov\u00e1n\u00ed posl\u00e1n\u00ed roz\u0161i\u0159ovat obzory a vstupovat do nov\u00fdch segment\u016f trhu se Katolik Group rozhodla spolupracovat se spole\u010dnost\u00ed specializuj\u00edc\u00ed se mimo jin\u00e9 na pokro\u010dil\u00e9 sv\u011bteln\u00e9 technologie. optick\u00e9 [&hellip;]","og_url":"https:\/\/katolikgroup.pl\/cs\/katolik-group-a-optoelectronic-inovace-a-technologie-v-centru-pozornosti\/","og_site_name":"Katolik Group","article_published_time":"2023-09-19T15:24:27+00:00","article_modified_time":"2023-10-09T14:10:00+00:00","og_image":[{"width":800,"height":600,"url":"https:\/\/katolikgroup.pl\/wp-content\/uploads\/2023\/09\/Optoelectronic-na-targach-krotka-historia.jpg","type":"image\/jpeg"}],"author":"admin","twitter_card":"summary_large_image","twitter_misc":{"Napsal(a)":"admin","Odhadovan\u00e1 doba \u010dten\u00ed":"3 minuty"},"schema":{"@context":"https:\/\/schema.org","@graph":[{"@type":"Article","@id":"https:\/\/katolikgroup.pl\/cs\/katolik-group-a-optoelectronic-inovace-a-technologie-v-centru-pozornosti\/#article","isPartOf":{"@id":"https:\/\/katolikgroup.pl\/cs\/katolik-group-a-optoelectronic-inovace-a-technologie-v-centru-pozornosti\/"},"author":{"name":"admin","@id":"https:\/\/katolikgroup.pl\/#\/schema\/person\/d62c16c283dfc7a00720eefb88179e43"},"headline":"Katolik Group a OptoElectronic &#8211; inovace a technologie v centru pozornosti","datePublished":"2023-09-19T15:24:27+00:00","dateModified":"2023-10-09T14:10:00+00:00","mainEntityOfPage":{"@id":"https:\/\/katolikgroup.pl\/cs\/katolik-group-a-optoelectronic-inovace-a-technologie-v-centru-pozornosti\/"},"wordCount":389,"publisher":{"@id":"https:\/\/katolikgroup.pl\/#organization"},"articleSection":["Bez kategorii"],"inLanguage":"cs"},{"@type":"WebPage","@id":"https:\/\/katolikgroup.pl\/cs\/katolik-group-a-optoelectronic-inovace-a-technologie-v-centru-pozornosti\/","url":"https:\/\/katolikgroup.pl\/cs\/katolik-group-a-optoelectronic-inovace-a-technologie-v-centru-pozornosti\/","name":"Katolik Group a OptoElectronic - inovace a technologie v centru pozornosti - Katolik Group","isPartOf":{"@id":"https:\/\/katolikgroup.pl\/#website"},"datePublished":"2023-09-19T15:24:27+00:00","dateModified":"2023-10-09T14:10:00+00:00","breadcrumb":{"@id":"https:\/\/katolikgroup.pl\/cs\/katolik-group-a-optoelectronic-inovace-a-technologie-v-centru-pozornosti\/#breadcrumb"},"inLanguage":"cs","potentialAction":[{"@type":"ReadAction","target":["https:\/\/katolikgroup.pl\/cs\/katolik-group-a-optoelectronic-inovace-a-technologie-v-centru-pozornosti\/"]}]},{"@type":"BreadcrumbList","@id":"https:\/\/katolikgroup.pl\/cs\/katolik-group-a-optoelectronic-inovace-a-technologie-v-centru-pozornosti\/#breadcrumb","itemListElement":[{"@type":"ListItem","position":1,"name":"Strona g\u0142\u00f3wna","item":"https:\/\/katolikgroup.pl\/cs\/"},{"@type":"ListItem","position":2,"name":"Katolik Group a OptoElectronic &#8211; inovace a technologie v centru pozornosti"}]},{"@type":"WebSite","@id":"https:\/\/katolikgroup.pl\/#website","url":"https:\/\/katolikgroup.pl\/","name":"Katolik Group","description":"","publisher":{"@id":"https:\/\/katolikgroup.pl\/#organization"},"potentialAction":[{"@type":"SearchAction","target":{"@type":"EntryPoint","urlTemplate":"https:\/\/katolikgroup.pl\/?s={search_term_string}"},"query-input":"required name=search_term_string"}],"inLanguage":"cs"},{"@type":"Organization","@id":"https:\/\/katolikgroup.pl\/#organization","name":"Katolik Group","url":"https:\/\/katolikgroup.pl\/","logo":{"@type":"ImageObject","inLanguage":"cs","@id":"https:\/\/katolikgroup.pl\/#\/schema\/logo\/image\/","url":"https:\/\/katolikgroup.pl\/wp-content\/uploads\/2023\/10\/logo_katolik-.webp","contentUrl":"https:\/\/katolikgroup.pl\/wp-content\/uploads\/2023\/10\/logo_katolik-.webp","width":120,"height":73,"caption":"Katolik Group"},"image":{"@id":"https:\/\/katolikgroup.pl\/#\/schema\/logo\/image\/"}},{"@type":"Person","@id":"https:\/\/katolikgroup.pl\/#\/schema\/person\/d62c16c283dfc7a00720eefb88179e43","name":"admin","sameAs":["https:\/\/katolik.abc-x.pl"],"url":"https:\/\/katolikgroup.pl\/cs\/author\/admin\/"}]}},"_links":{"self":[{"href":"https:\/\/katolikgroup.pl\/cs\/wp-json\/wp\/v2\/posts\/3338"}],"collection":[{"href":"https:\/\/katolikgroup.pl\/cs\/wp-json\/wp\/v2\/posts"}],"about":[{"href":"https:\/\/katolikgroup.pl\/cs\/wp-json\/wp\/v2\/types\/post"}],"author":[{"embeddable":true,"href":"https:\/\/katolikgroup.pl\/cs\/wp-json\/wp\/v2\/users\/1"}],"replies":[{"embeddable":true,"href":"https:\/\/katolikgroup.pl\/cs\/wp-json\/wp\/v2\/comments?post=3338"}],"version-history":[{"count":0,"href":"https:\/\/katolikgroup.pl\/cs\/wp-json\/wp\/v2\/posts\/3338\/revisions"}],"wp:featuredmedia":[{"embeddable":true,"href":"https:\/\/katolikgroup.pl\/cs\/wp-json\/wp\/v2\/media\/3268"}],"wp:attachment":[{"href":"https:\/\/katolikgroup.pl\/cs\/wp-json\/wp\/v2\/media?parent=3338"}],"wp:term":[{"taxonomy":"category","embeddable":true,"href":"https:\/\/katolikgroup.pl\/cs\/wp-json\/wp\/v2\/categories?post=3338"},{"taxonomy":"post_tag","embeddable":true,"href":"https:\/\/katolikgroup.pl\/cs\/wp-json\/wp\/v2\/tags?post=3338"}],"curies":[{"name":"wp","href":"https:\/\/api.w.org\/{rel}","templated":true}]}}