{"id":3339,"date":"2023-09-01T16:06:32","date_gmt":"2023-09-01T14:06:32","guid":{"rendered":"https:\/\/katolikgroup.pl\/?p=3339"},"modified":"2023-10-09T14:36:44","modified_gmt":"2023-10-09T12:36:44","slug":"nova-kapitola-spoluprace-katolik-group-spojuje-sily-s-robaki-z-paki","status":"publish","type":"post","link":"https:\/\/katolikgroup.pl\/cs\/nova-kapitola-spoluprace-katolik-group-spojuje-sily-s-robaki-z-paki\/","title":{"rendered":"Nov\u00e1 kapitola spolupr\u00e1ce: Katolik Group spojuje s\u00edly s Robaki z Paki"},"content":{"rendered":"<p><strong>Je n\u00e1m ct\u00ed ozn\u00e1mit dal\u0161\u00ed krok v rozvoji Katolik Group \u2013 nav\u00e1z\u00e1n\u00ed spolupr\u00e1ce s Robaki z Paki, odborn\u00edkem v oblasti udr\u017eiteln\u00e9ho zem\u011bd\u011blstv\u00ed a chovu hmyzu pro pot\u0159eby v\u00fd\u017eivy. Po \u00fasp\u011b\u0161n\u00e9 spolupr\u00e1ci s FrutaVita pokra\u010duje Katolik Group ve sv\u00e9m posl\u00e1n\u00ed roz\u0161\u00ed\u0159it sv\u00e9 portfolio o inovativn\u00ed a ekologick\u00e9 spole\u010dnosti, tentokr\u00e1t se zam\u011b\u0159en\u00edm na sektor udr\u017eiteln\u00e9 v\u00fdroby potravin.<\/strong><\/p>\n<p>Worms z Paki, zn\u00e1m\u00ed prosazov\u00e1n\u00edm ekologick\u00fdch a udr\u017eiteln\u00fdch \u0159e\u0161en\u00ed ve v\u00fdrob\u011b potravin, maj\u00ed d\u00edky t\u00e9to spolupr\u00e1ci mo\u017enost roz\u0161\u00ed\u0159it sv\u00e9 aktivity a p\u0159edstavit sv\u00e9 produkty ve v\u011bt\u0161\u00edm m\u011b\u0159\u00edtku s vyu\u017eit\u00edm zku\u0161enost\u00ed a dosahu Katolik Group.<\/p>\n<p>&#8222;Je to pro n\u00e1s velmi d\u016fle\u017eit\u00fd okam\u017eik. V\u011b\u0159\u00edme, \u017ee d\u00edky spolupr\u00e1ci s Katolik Group se na\u0161e posl\u00e1n\u00ed propagace udr\u017eiteln\u00e9 produkce potravin na b\u00e1zi hmyzu dostane k je\u0161t\u011b \u0161ir\u0161\u00ed skupin\u011b p\u0159\u00edjemc\u016f,&#8220; komentuje z\u00e1stupce Robaki z Paki.<\/p>\n<p>Z pohledu Katolik Group je partnerstv\u00ed s Robaki z Paki dal\u0161\u00ed krok k prosazov\u00e1n\u00ed inovativn\u00edch a ekologick\u00fdch \u0159e\u0161en\u00ed na trhu. &#8222;Chceme podporovat a propagovat spole\u010dnosti, kter\u00e9 se sna\u017e\u00ed zav\u00e1d\u011bt pozitivn\u00ed zm\u011bny v prost\u0159ed\u00ed a komunit\u011b. Spolupr\u00e1ce s Robaki z Paki je toho dokonal\u00fdm p\u0159\u00edkladem,&#8220; dod\u00e1v\u00e1 z\u00e1stupce Katolik Group.<\/p>\n<p>Ob\u011b spole\u010dnosti ji\u017e pracuj\u00ed na sv\u00fdch prvn\u00edch spole\u010dn\u00fdch projektech a produktech, kter\u00e9 budou brzy p\u0159edstaveny na trhu. Z\u00e1kazn\u00edci obou zna\u010dek mohou o\u010dek\u00e1vat inovativn\u00ed \u0159e\u0161en\u00ed, kter\u00e1 budou reagovat na rostouc\u00ed popt\u00e1vku po biopotravin\u00e1ch.<\/p>\n<p>Doporu\u010dujeme v\u00e1m v bl\u00edzk\u00e9 budoucnosti sledovat webov\u00e9 str\u00e1nky obou spole\u010dnost\u00ed, kde se objev\u00ed podrobnosti o t\u00e9to vzru\u0161uj\u00edc\u00ed spolupr\u00e1ci.<\/p>\n","protected":false},"excerpt":{"rendered":"<p>Je n\u00e1m ct\u00ed ozn\u00e1mit dal\u0161\u00ed krok v rozvoji Katolik Group \u2013 nav\u00e1z\u00e1n\u00ed spolupr\u00e1ce s Robaki z Paki, odborn\u00edkem v oblasti udr\u017eiteln\u00e9ho zem\u011bd\u011blstv\u00ed a chovu hmyzu pro pot\u0159eby v\u00fd\u017eivy. Po \u00fasp\u011b\u0161n\u00e9 spolupr\u00e1ci s FrutaVita pokra\u010duje Katolik Group ve sv\u00e9m posl\u00e1n\u00ed roz\u0161\u00ed\u0159it sv\u00e9 portfolio o inovativn\u00ed a ekologick\u00e9 spole\u010dnosti, tentokr\u00e1t se zam\u011b\u0159en\u00edm na sektor udr\u017eiteln\u00e9 v\u00fdroby potravin. [&hellip;]<\/p>\n","protected":false},"author":1,"featured_media":3258,"comment_status":"closed","ping_status":"closed","sticky":false,"template":"","format":"standard","meta":{"footnotes":""},"categories":[1],"tags":[],"yoast_head":"<!-- This site is optimized with the Yoast SEO plugin v21.8 - https:\/\/yoast.com\/wordpress\/plugins\/seo\/ -->\n<title>Nov\u00e1 kapitola spolupr\u00e1ce: Katolik Group spojuje s\u00edly s Robaki z Paki - Katolik Group<\/title>\n<meta name=\"robots\" content=\"index, follow, max-snippet:-1, max-image-preview:large, max-video-preview:-1\" \/>\n<link rel=\"canonical\" href=\"https:\/\/katolikgroup.pl\/cs\/nova-kapitola-spoluprace-katolik-group-spojuje-sily-s-robaki-z-paki\/\" \/>\n<meta property=\"og:locale\" content=\"cs_CZ\" \/>\n<meta property=\"og:type\" content=\"article\" \/>\n<meta property=\"og:title\" content=\"Nov\u00e1 kapitola spolupr\u00e1ce: Katolik Group spojuje s\u00edly s Robaki z Paki - Katolik Group\" \/>\n<meta property=\"og:description\" content=\"Je n\u00e1m ct\u00ed ozn\u00e1mit dal\u0161\u00ed krok v rozvoji Katolik Group \u2013 nav\u00e1z\u00e1n\u00ed spolupr\u00e1ce s Robaki z Paki, odborn\u00edkem v oblasti udr\u017eiteln\u00e9ho zem\u011bd\u011blstv\u00ed a chovu hmyzu pro pot\u0159eby v\u00fd\u017eivy. Po \u00fasp\u011b\u0161n\u00e9 spolupr\u00e1ci s FrutaVita pokra\u010duje Katolik Group ve sv\u00e9m posl\u00e1n\u00ed roz\u0161\u00ed\u0159it sv\u00e9 portfolio o inovativn\u00ed a ekologick\u00e9 spole\u010dnosti, tentokr\u00e1t se zam\u011b\u0159en\u00edm na sektor udr\u017eiteln\u00e9 v\u00fdroby potravin. [&hellip;]\" \/>\n<meta property=\"og:url\" content=\"https:\/\/katolikgroup.pl\/cs\/nova-kapitola-spoluprace-katolik-group-spojuje-sily-s-robaki-z-paki\/\" \/>\n<meta property=\"og:site_name\" content=\"Katolik Group\" \/>\n<meta property=\"article:published_time\" content=\"2023-09-01T14:06:32+00:00\" \/>\n<meta property=\"article:modified_time\" content=\"2023-10-09T12:36:44+00:00\" \/>\n<meta property=\"og:image\" content=\"https:\/\/katolikgroup.pl\/wp-content\/uploads\/2023\/09\/robaki-zpai.webp\" \/>\n\t<meta property=\"og:image:width\" content=\"1024\" \/>\n\t<meta property=\"og:image:height\" content=\"781\" \/>\n\t<meta property=\"og:image:type\" content=\"image\/webp\" \/>\n<meta name=\"author\" content=\"admin\" \/>\n<meta name=\"twitter:card\" content=\"summary_large_image\" \/>\n<meta name=\"twitter:label1\" content=\"Napsal(a)\" \/>\n\t<meta name=\"twitter:data1\" content=\"admin\" \/>\n\t<meta name=\"twitter:label2\" content=\"Odhadovan\u00e1 doba \u010dten\u00ed\" \/>\n\t<meta name=\"twitter:data2\" content=\"2 minuty\" \/>\n<script type=\"application\/ld+json\" class=\"yoast-schema-graph\">{\"@context\":\"https:\/\/schema.org\",\"@graph\":[{\"@type\":\"Article\",\"@id\":\"https:\/\/katolikgroup.pl\/cs\/nova-kapitola-spoluprace-katolik-group-spojuje-sily-s-robaki-z-paki\/#article\",\"isPartOf\":{\"@id\":\"https:\/\/katolikgroup.pl\/cs\/nova-kapitola-spoluprace-katolik-group-spojuje-sily-s-robaki-z-paki\/\"},\"author\":{\"name\":\"admin\",\"@id\":\"https:\/\/katolikgroup.pl\/#\/schema\/person\/d62c16c283dfc7a00720eefb88179e43\"},\"headline\":\"Nov\u00e1 kapitola spolupr\u00e1ce: Katolik Group spojuje s\u00edly s Robaki z Paki\",\"datePublished\":\"2023-09-01T14:06:32+00:00\",\"dateModified\":\"2023-10-09T12:36:44+00:00\",\"mainEntityOfPage\":{\"@id\":\"https:\/\/katolikgroup.pl\/cs\/nova-kapitola-spoluprace-katolik-group-spojuje-sily-s-robaki-z-paki\/\"},\"wordCount\":329,\"publisher\":{\"@id\":\"https:\/\/katolikgroup.pl\/#organization\"},\"articleSection\":[\"Bez kategorii\"],\"inLanguage\":\"cs\"},{\"@type\":\"WebPage\",\"@id\":\"https:\/\/katolikgroup.pl\/cs\/nova-kapitola-spoluprace-katolik-group-spojuje-sily-s-robaki-z-paki\/\",\"url\":\"https:\/\/katolikgroup.pl\/cs\/nova-kapitola-spoluprace-katolik-group-spojuje-sily-s-robaki-z-paki\/\",\"name\":\"Nov\u00e1 kapitola spolupr\u00e1ce: Katolik Group spojuje s\u00edly s Robaki z Paki - Katolik Group\",\"isPartOf\":{\"@id\":\"https:\/\/katolikgroup.pl\/#website\"},\"datePublished\":\"2023-09-01T14:06:32+00:00\",\"dateModified\":\"2023-10-09T12:36:44+00:00\",\"breadcrumb\":{\"@id\":\"https:\/\/katolikgroup.pl\/cs\/nova-kapitola-spoluprace-katolik-group-spojuje-sily-s-robaki-z-paki\/#breadcrumb\"},\"inLanguage\":\"cs\",\"potentialAction\":[{\"@type\":\"ReadAction\",\"target\":[\"https:\/\/katolikgroup.pl\/cs\/nova-kapitola-spoluprace-katolik-group-spojuje-sily-s-robaki-z-paki\/\"]}]},{\"@type\":\"BreadcrumbList\",\"@id\":\"https:\/\/katolikgroup.pl\/cs\/nova-kapitola-spoluprace-katolik-group-spojuje-sily-s-robaki-z-paki\/#breadcrumb\",\"itemListElement\":[{\"@type\":\"ListItem\",\"position\":1,\"name\":\"Strona g\u0142\u00f3wna\",\"item\":\"https:\/\/katolikgroup.pl\/cs\/\"},{\"@type\":\"ListItem\",\"position\":2,\"name\":\"Nov\u00e1 kapitola spolupr\u00e1ce: Katolik Group spojuje s\u00edly s Robaki z Paki\"}]},{\"@type\":\"WebSite\",\"@id\":\"https:\/\/katolikgroup.pl\/#website\",\"url\":\"https:\/\/katolikgroup.pl\/\",\"name\":\"Katolik Group\",\"description\":\"\",\"publisher\":{\"@id\":\"https:\/\/katolikgroup.pl\/#organization\"},\"potentialAction\":[{\"@type\":\"SearchAction\",\"target\":{\"@type\":\"EntryPoint\",\"urlTemplate\":\"https:\/\/katolikgroup.pl\/?s={search_term_string}\"},\"query-input\":\"required name=search_term_string\"}],\"inLanguage\":\"cs\"},{\"@type\":\"Organization\",\"@id\":\"https:\/\/katolikgroup.pl\/#organization\",\"name\":\"Katolik Group\",\"url\":\"https:\/\/katolikgroup.pl\/\",\"logo\":{\"@type\":\"ImageObject\",\"inLanguage\":\"cs\",\"@id\":\"https:\/\/katolikgroup.pl\/#\/schema\/logo\/image\/\",\"url\":\"https:\/\/katolikgroup.pl\/wp-content\/uploads\/2023\/10\/logo_katolik-.webp\",\"contentUrl\":\"https:\/\/katolikgroup.pl\/wp-content\/uploads\/2023\/10\/logo_katolik-.webp\",\"width\":120,\"height\":73,\"caption\":\"Katolik Group\"},\"image\":{\"@id\":\"https:\/\/katolikgroup.pl\/#\/schema\/logo\/image\/\"}},{\"@type\":\"Person\",\"@id\":\"https:\/\/katolikgroup.pl\/#\/schema\/person\/d62c16c283dfc7a00720eefb88179e43\",\"name\":\"admin\",\"sameAs\":[\"https:\/\/katolik.abc-x.pl\"],\"url\":\"https:\/\/katolikgroup.pl\/cs\/author\/admin\/\"}]}<\/script>\n<!-- \/ Yoast SEO plugin. -->","yoast_head_json":{"title":"Nov\u00e1 kapitola spolupr\u00e1ce: Katolik Group spojuje s\u00edly s Robaki z Paki - Katolik Group","robots":{"index":"index","follow":"follow","max-snippet":"max-snippet:-1","max-image-preview":"max-image-preview:large","max-video-preview":"max-video-preview:-1"},"canonical":"https:\/\/katolikgroup.pl\/cs\/nova-kapitola-spoluprace-katolik-group-spojuje-sily-s-robaki-z-paki\/","og_locale":"cs_CZ","og_type":"article","og_title":"Nov\u00e1 kapitola spolupr\u00e1ce: Katolik Group spojuje s\u00edly s Robaki z Paki - Katolik Group","og_description":"Je n\u00e1m ct\u00ed ozn\u00e1mit dal\u0161\u00ed krok v rozvoji Katolik Group \u2013 nav\u00e1z\u00e1n\u00ed spolupr\u00e1ce s Robaki z Paki, odborn\u00edkem v oblasti udr\u017eiteln\u00e9ho zem\u011bd\u011blstv\u00ed a chovu hmyzu pro pot\u0159eby v\u00fd\u017eivy. Po \u00fasp\u011b\u0161n\u00e9 spolupr\u00e1ci s FrutaVita pokra\u010duje Katolik Group ve sv\u00e9m posl\u00e1n\u00ed roz\u0161\u00ed\u0159it sv\u00e9 portfolio o inovativn\u00ed a ekologick\u00e9 spole\u010dnosti, tentokr\u00e1t se zam\u011b\u0159en\u00edm na sektor udr\u017eiteln\u00e9 v\u00fdroby potravin. [&hellip;]","og_url":"https:\/\/katolikgroup.pl\/cs\/nova-kapitola-spoluprace-katolik-group-spojuje-sily-s-robaki-z-paki\/","og_site_name":"Katolik Group","article_published_time":"2023-09-01T14:06:32+00:00","article_modified_time":"2023-10-09T12:36:44+00:00","og_image":[{"width":1024,"height":781,"url":"https:\/\/katolikgroup.pl\/wp-content\/uploads\/2023\/09\/robaki-zpai.webp","type":"image\/webp"}],"author":"admin","twitter_card":"summary_large_image","twitter_misc":{"Napsal(a)":"admin","Odhadovan\u00e1 doba \u010dten\u00ed":"2 minuty"},"schema":{"@context":"https:\/\/schema.org","@graph":[{"@type":"Article","@id":"https:\/\/katolikgroup.pl\/cs\/nova-kapitola-spoluprace-katolik-group-spojuje-sily-s-robaki-z-paki\/#article","isPartOf":{"@id":"https:\/\/katolikgroup.pl\/cs\/nova-kapitola-spoluprace-katolik-group-spojuje-sily-s-robaki-z-paki\/"},"author":{"name":"admin","@id":"https:\/\/katolikgroup.pl\/#\/schema\/person\/d62c16c283dfc7a00720eefb88179e43"},"headline":"Nov\u00e1 kapitola spolupr\u00e1ce: Katolik Group spojuje s\u00edly s Robaki z Paki","datePublished":"2023-09-01T14:06:32+00:00","dateModified":"2023-10-09T12:36:44+00:00","mainEntityOfPage":{"@id":"https:\/\/katolikgroup.pl\/cs\/nova-kapitola-spoluprace-katolik-group-spojuje-sily-s-robaki-z-paki\/"},"wordCount":329,"publisher":{"@id":"https:\/\/katolikgroup.pl\/#organization"},"articleSection":["Bez kategorii"],"inLanguage":"cs"},{"@type":"WebPage","@id":"https:\/\/katolikgroup.pl\/cs\/nova-kapitola-spoluprace-katolik-group-spojuje-sily-s-robaki-z-paki\/","url":"https:\/\/katolikgroup.pl\/cs\/nova-kapitola-spoluprace-katolik-group-spojuje-sily-s-robaki-z-paki\/","name":"Nov\u00e1 kapitola spolupr\u00e1ce: Katolik Group spojuje s\u00edly s Robaki z Paki - Katolik Group","isPartOf":{"@id":"https:\/\/katolikgroup.pl\/#website"},"datePublished":"2023-09-01T14:06:32+00:00","dateModified":"2023-10-09T12:36:44+00:00","breadcrumb":{"@id":"https:\/\/katolikgroup.pl\/cs\/nova-kapitola-spoluprace-katolik-group-spojuje-sily-s-robaki-z-paki\/#breadcrumb"},"inLanguage":"cs","potentialAction":[{"@type":"ReadAction","target":["https:\/\/katolikgroup.pl\/cs\/nova-kapitola-spoluprace-katolik-group-spojuje-sily-s-robaki-z-paki\/"]}]},{"@type":"BreadcrumbList","@id":"https:\/\/katolikgroup.pl\/cs\/nova-kapitola-spoluprace-katolik-group-spojuje-sily-s-robaki-z-paki\/#breadcrumb","itemListElement":[{"@type":"ListItem","position":1,"name":"Strona g\u0142\u00f3wna","item":"https:\/\/katolikgroup.pl\/cs\/"},{"@type":"ListItem","position":2,"name":"Nov\u00e1 kapitola spolupr\u00e1ce: Katolik Group spojuje s\u00edly s Robaki z Paki"}]},{"@type":"WebSite","@id":"https:\/\/katolikgroup.pl\/#website","url":"https:\/\/katolikgroup.pl\/","name":"Katolik Group","description":"","publisher":{"@id":"https:\/\/katolikgroup.pl\/#organization"},"potentialAction":[{"@type":"SearchAction","target":{"@type":"EntryPoint","urlTemplate":"https:\/\/katolikgroup.pl\/?s={search_term_string}"},"query-input":"required name=search_term_string"}],"inLanguage":"cs"},{"@type":"Organization","@id":"https:\/\/katolikgroup.pl\/#organization","name":"Katolik Group","url":"https:\/\/katolikgroup.pl\/","logo":{"@type":"ImageObject","inLanguage":"cs","@id":"https:\/\/katolikgroup.pl\/#\/schema\/logo\/image\/","url":"https:\/\/katolikgroup.pl\/wp-content\/uploads\/2023\/10\/logo_katolik-.webp","contentUrl":"https:\/\/katolikgroup.pl\/wp-content\/uploads\/2023\/10\/logo_katolik-.webp","width":120,"height":73,"caption":"Katolik Group"},"image":{"@id":"https:\/\/katolikgroup.pl\/#\/schema\/logo\/image\/"}},{"@type":"Person","@id":"https:\/\/katolikgroup.pl\/#\/schema\/person\/d62c16c283dfc7a00720eefb88179e43","name":"admin","sameAs":["https:\/\/katolik.abc-x.pl"],"url":"https:\/\/katolikgroup.pl\/cs\/author\/admin\/"}]}},"_links":{"self":[{"href":"https:\/\/katolikgroup.pl\/cs\/wp-json\/wp\/v2\/posts\/3339"}],"collection":[{"href":"https:\/\/katolikgroup.pl\/cs\/wp-json\/wp\/v2\/posts"}],"about":[{"href":"https:\/\/katolikgroup.pl\/cs\/wp-json\/wp\/v2\/types\/post"}],"author":[{"embeddable":true,"href":"https:\/\/katolikgroup.pl\/cs\/wp-json\/wp\/v2\/users\/1"}],"replies":[{"embeddable":true,"href":"https:\/\/katolikgroup.pl\/cs\/wp-json\/wp\/v2\/comments?post=3339"}],"version-history":[{"count":0,"href":"https:\/\/katolikgroup.pl\/cs\/wp-json\/wp\/v2\/posts\/3339\/revisions"}],"wp:featuredmedia":[{"embeddable":true,"href":"https:\/\/katolikgroup.pl\/cs\/wp-json\/wp\/v2\/media\/3258"}],"wp:attachment":[{"href":"https:\/\/katolikgroup.pl\/cs\/wp-json\/wp\/v2\/media?parent=3339"}],"wp:term":[{"taxonomy":"category","embeddable":true,"href":"https:\/\/katolikgroup.pl\/cs\/wp-json\/wp\/v2\/categories?post=3339"},{"taxonomy":"post_tag","embeddable":true,"href":"https:\/\/katolikgroup.pl\/cs\/wp-json\/wp\/v2\/tags?post=3339"}],"curies":[{"name":"wp","href":"https:\/\/api.w.org\/{rel}","templated":true}]}}