{"id":3340,"date":"2023-04-19T16:00:26","date_gmt":"2023-04-19T14:00:26","guid":{"rendered":"https:\/\/katolikgroup.pl\/?p=3340"},"modified":"2023-10-09T14:34:33","modified_gmt":"2023-10-09T12:34:33","slug":"frutavita-zacatek-spoluprace","status":"publish","type":"post","link":"https:\/\/katolikgroup.pl\/cs\/frutavita-zacatek-spoluprace\/","title":{"rendered":"FrutaVita &#8211; za\u010d\u00e1tek spolupr\u00e1ce!"},"content":{"rendered":"<p>S pot\u011b\u0161en\u00edm oznamujeme nav\u00e1z\u00e1n\u00ed strategick\u00e9ho partnerstv\u00ed dvou renomovan\u00fdch spole\u010dnost\u00ed na polsk\u00e9m trhu \u2013 Katolik Group a FrutaVita. Toto sjednocen\u00ed dvou l\u00eddr\u016f ve sv\u00fdch oborech otev\u00edr\u00e1 klient\u016fm obou spole\u010dnost\u00ed nov\u00e9 mo\u017enosti rozvoje a zav\u00e1d\u011bn\u00ed inovativn\u00edch \u0159e\u0161en\u00ed.<\/p>\n<p>Katolik Group, zn\u00e1m\u00e1 \u0161irokou nab\u00eddkou slu\u017eeb a mnohaletou tradic\u00ed, nyn\u00ed vstupuje do nov\u00e9 etapy rozvoje spoluprac\u00ed s FrutaVita, l\u00eddrem v oblasti zdrav\u00e9 v\u00fd\u017eivy a dopl\u0148k\u016f stravy. Tato spolupr\u00e1ce m\u00e1 za c\u00edl spojit znalosti a zku\u0161enosti obou spole\u010dnost\u00ed, co\u017e p\u0159inese benefity v podob\u011b vysoce kvalitn\u00edch produkt\u016f a slu\u017eeb.<\/p>\n<p>&#8222;Jsme nad\u0161eni z t\u00e9to nov\u00e9 kapitoly v historii na\u0161\u00ed spole\u010dnosti. Spolupr\u00e1ce s FrutaVitou n\u00e1m umo\u017en\u00ed p\u0159edstavit nov\u00e1 \u0159e\u0161en\u00ed, kter\u00e1 na\u0161im z\u00e1kazn\u00edk\u016fm p\u0159inesou skute\u010dn\u00e9 v\u00fdhody,&#8220; \u0159\u00edk\u00e1 Pawe\u0142 Katolik, prezident Katolik Group.<\/p>\n<p>FrutaVita zase vid\u00ed toto partnerstv\u00ed jako p\u0159\u00edle\u017eitost roz\u0161\u00ed\u0159it svou nab\u00eddku a oslovit nov\u00e9 skupiny z\u00e1kazn\u00edk\u016f vyu\u017eit\u00edm \u0160irok\u00e1 s\u00ed\u0165 a zku\u0161enosti Katolik Group.<\/p>\n<p>V bl\u00edzk\u00e9 budoucnosti \u010dek\u00e1 z\u00e1kazn\u00edky obou spole\u010dnost\u00ed \u0159ada atraktivn\u00edch akc\u00ed a nov\u00fdch produkt\u016f, kter\u00e9 jsou v\u00fdsledkem t\u00e9to plodn\u00e9 spolupr\u00e1ce. Doporu\u010dujeme v\u00e1m sledovat novinky na webov\u00fdch str\u00e1nk\u00e1ch obou spole\u010dnost\u00ed, abyste m\u011bli v\u017edy aktu\u00e1ln\u00ed informace.<\/p>\n<p>To je jist\u011b za\u010d\u00e1tek dlouhodob\u00e9 a efektivn\u00ed spolupr\u00e1ce, kter\u00e1 p\u0159inese \u0159adu v\u00fdhod jak Katolik Group, tak FrutaVit\u011b a p\u0159edev\u0161\u00edm jejich klient\u016fm.<\/p>\n","protected":false},"excerpt":{"rendered":"<p>S pot\u011b\u0161en\u00edm oznamujeme nav\u00e1z\u00e1n\u00ed strategick\u00e9ho partnerstv\u00ed dvou renomovan\u00fdch spole\u010dnost\u00ed na polsk\u00e9m trhu \u2013 Katolik Group a FrutaVita. Toto sjednocen\u00ed dvou l\u00eddr\u016f ve sv\u00fdch oborech otev\u00edr\u00e1 klient\u016fm obou spole\u010dnost\u00ed nov\u00e9 mo\u017enosti rozvoje a zav\u00e1d\u011bn\u00ed inovativn\u00edch \u0159e\u0161en\u00ed. Katolik Group, zn\u00e1m\u00e1 \u0161irokou nab\u00eddkou slu\u017eeb a mnohaletou tradic\u00ed, nyn\u00ed vstupuje do nov\u00e9 etapy rozvoje spoluprac\u00ed s FrutaVita, l\u00eddrem v [&hellip;]<\/p>\n","protected":false},"author":1,"featured_media":3253,"comment_status":"closed","ping_status":"closed","sticky":false,"template":"","format":"standard","meta":{"footnotes":""},"categories":[1],"tags":[],"yoast_head":"<!-- This site is optimized with the Yoast SEO plugin v21.8 - https:\/\/yoast.com\/wordpress\/plugins\/seo\/ -->\n<title>FrutaVita - za\u010d\u00e1tek spolupr\u00e1ce! - Katolik Group<\/title>\n<meta name=\"robots\" content=\"index, follow, max-snippet:-1, max-image-preview:large, max-video-preview:-1\" \/>\n<link rel=\"canonical\" href=\"https:\/\/katolikgroup.pl\/cs\/frutavita-zacatek-spoluprace\/\" \/>\n<meta property=\"og:locale\" content=\"cs_CZ\" \/>\n<meta property=\"og:type\" content=\"article\" \/>\n<meta property=\"og:title\" content=\"FrutaVita - za\u010d\u00e1tek spolupr\u00e1ce! - Katolik Group\" \/>\n<meta property=\"og:description\" content=\"S pot\u011b\u0161en\u00edm oznamujeme nav\u00e1z\u00e1n\u00ed strategick\u00e9ho partnerstv\u00ed dvou renomovan\u00fdch spole\u010dnost\u00ed na polsk\u00e9m trhu \u2013 Katolik Group a FrutaVita. Toto sjednocen\u00ed dvou l\u00eddr\u016f ve sv\u00fdch oborech otev\u00edr\u00e1 klient\u016fm obou spole\u010dnost\u00ed nov\u00e9 mo\u017enosti rozvoje a zav\u00e1d\u011bn\u00ed inovativn\u00edch \u0159e\u0161en\u00ed. Katolik Group, zn\u00e1m\u00e1 \u0161irokou nab\u00eddkou slu\u017eeb a mnohaletou tradic\u00ed, nyn\u00ed vstupuje do nov\u00e9 etapy rozvoje spoluprac\u00ed s FrutaVita, l\u00eddrem v [&hellip;]\" \/>\n<meta property=\"og:url\" content=\"https:\/\/katolikgroup.pl\/cs\/frutavita-zacatek-spoluprace\/\" \/>\n<meta property=\"og:site_name\" content=\"Katolik Group\" \/>\n<meta property=\"article:published_time\" content=\"2023-04-19T14:00:26+00:00\" \/>\n<meta property=\"article:modified_time\" content=\"2023-10-09T12:34:33+00:00\" \/>\n<meta property=\"og:image\" content=\"https:\/\/katolikgroup.pl\/wp-content\/uploads\/2023\/09\/dostawy-chia-olej-slonecznikowy-1.jpg\" \/>\n\t<meta property=\"og:image:width\" content=\"1920\" \/>\n\t<meta property=\"og:image:height\" content=\"650\" \/>\n\t<meta property=\"og:image:type\" content=\"image\/jpeg\" \/>\n<meta name=\"author\" content=\"admin\" \/>\n<meta name=\"twitter:card\" content=\"summary_large_image\" \/>\n<meta name=\"twitter:label1\" content=\"Napsal(a)\" \/>\n\t<meta name=\"twitter:data1\" content=\"admin\" \/>\n\t<meta name=\"twitter:label2\" content=\"Odhadovan\u00e1 doba \u010dten\u00ed\" \/>\n\t<meta name=\"twitter:data2\" content=\"2 minuty\" \/>\n<script type=\"application\/ld+json\" class=\"yoast-schema-graph\">{\"@context\":\"https:\/\/schema.org\",\"@graph\":[{\"@type\":\"Article\",\"@id\":\"https:\/\/katolikgroup.pl\/cs\/frutavita-zacatek-spoluprace\/#article\",\"isPartOf\":{\"@id\":\"https:\/\/katolikgroup.pl\/cs\/frutavita-zacatek-spoluprace\/\"},\"author\":{\"name\":\"admin\",\"@id\":\"https:\/\/katolikgroup.pl\/#\/schema\/person\/d62c16c283dfc7a00720eefb88179e43\"},\"headline\":\"FrutaVita &#8211; za\u010d\u00e1tek spolupr\u00e1ce!\",\"datePublished\":\"2023-04-19T14:00:26+00:00\",\"dateModified\":\"2023-10-09T12:34:33+00:00\",\"mainEntityOfPage\":{\"@id\":\"https:\/\/katolikgroup.pl\/cs\/frutavita-zacatek-spoluprace\/\"},\"wordCount\":273,\"publisher\":{\"@id\":\"https:\/\/katolikgroup.pl\/#organization\"},\"articleSection\":[\"Bez kategorii\"],\"inLanguage\":\"cs\"},{\"@type\":\"WebPage\",\"@id\":\"https:\/\/katolikgroup.pl\/cs\/frutavita-zacatek-spoluprace\/\",\"url\":\"https:\/\/katolikgroup.pl\/cs\/frutavita-zacatek-spoluprace\/\",\"name\":\"FrutaVita - za\u010d\u00e1tek spolupr\u00e1ce! - Katolik Group\",\"isPartOf\":{\"@id\":\"https:\/\/katolikgroup.pl\/#website\"},\"datePublished\":\"2023-04-19T14:00:26+00:00\",\"dateModified\":\"2023-10-09T12:34:33+00:00\",\"breadcrumb\":{\"@id\":\"https:\/\/katolikgroup.pl\/cs\/frutavita-zacatek-spoluprace\/#breadcrumb\"},\"inLanguage\":\"cs\",\"potentialAction\":[{\"@type\":\"ReadAction\",\"target\":[\"https:\/\/katolikgroup.pl\/cs\/frutavita-zacatek-spoluprace\/\"]}]},{\"@type\":\"BreadcrumbList\",\"@id\":\"https:\/\/katolikgroup.pl\/cs\/frutavita-zacatek-spoluprace\/#breadcrumb\",\"itemListElement\":[{\"@type\":\"ListItem\",\"position\":1,\"name\":\"Strona g\u0142\u00f3wna\",\"item\":\"https:\/\/katolikgroup.pl\/cs\/\"},{\"@type\":\"ListItem\",\"position\":2,\"name\":\"FrutaVita &#8211; za\u010d\u00e1tek spolupr\u00e1ce!\"}]},{\"@type\":\"WebSite\",\"@id\":\"https:\/\/katolikgroup.pl\/#website\",\"url\":\"https:\/\/katolikgroup.pl\/\",\"name\":\"Katolik Group\",\"description\":\"\",\"publisher\":{\"@id\":\"https:\/\/katolikgroup.pl\/#organization\"},\"potentialAction\":[{\"@type\":\"SearchAction\",\"target\":{\"@type\":\"EntryPoint\",\"urlTemplate\":\"https:\/\/katolikgroup.pl\/?s={search_term_string}\"},\"query-input\":\"required name=search_term_string\"}],\"inLanguage\":\"cs\"},{\"@type\":\"Organization\",\"@id\":\"https:\/\/katolikgroup.pl\/#organization\",\"name\":\"Katolik Group\",\"url\":\"https:\/\/katolikgroup.pl\/\",\"logo\":{\"@type\":\"ImageObject\",\"inLanguage\":\"cs\",\"@id\":\"https:\/\/katolikgroup.pl\/#\/schema\/logo\/image\/\",\"url\":\"https:\/\/katolikgroup.pl\/wp-content\/uploads\/2023\/10\/logo_katolik-.webp\",\"contentUrl\":\"https:\/\/katolikgroup.pl\/wp-content\/uploads\/2023\/10\/logo_katolik-.webp\",\"width\":120,\"height\":73,\"caption\":\"Katolik Group\"},\"image\":{\"@id\":\"https:\/\/katolikgroup.pl\/#\/schema\/logo\/image\/\"}},{\"@type\":\"Person\",\"@id\":\"https:\/\/katolikgroup.pl\/#\/schema\/person\/d62c16c283dfc7a00720eefb88179e43\",\"name\":\"admin\",\"sameAs\":[\"https:\/\/katolik.abc-x.pl\"],\"url\":\"https:\/\/katolikgroup.pl\/cs\/author\/admin\/\"}]}<\/script>\n<!-- \/ Yoast SEO plugin. -->","yoast_head_json":{"title":"FrutaVita - za\u010d\u00e1tek spolupr\u00e1ce! - Katolik Group","robots":{"index":"index","follow":"follow","max-snippet":"max-snippet:-1","max-image-preview":"max-image-preview:large","max-video-preview":"max-video-preview:-1"},"canonical":"https:\/\/katolikgroup.pl\/cs\/frutavita-zacatek-spoluprace\/","og_locale":"cs_CZ","og_type":"article","og_title":"FrutaVita - za\u010d\u00e1tek spolupr\u00e1ce! - Katolik Group","og_description":"S pot\u011b\u0161en\u00edm oznamujeme nav\u00e1z\u00e1n\u00ed strategick\u00e9ho partnerstv\u00ed dvou renomovan\u00fdch spole\u010dnost\u00ed na polsk\u00e9m trhu \u2013 Katolik Group a FrutaVita. Toto sjednocen\u00ed dvou l\u00eddr\u016f ve sv\u00fdch oborech otev\u00edr\u00e1 klient\u016fm obou spole\u010dnost\u00ed nov\u00e9 mo\u017enosti rozvoje a zav\u00e1d\u011bn\u00ed inovativn\u00edch \u0159e\u0161en\u00ed. Katolik Group, zn\u00e1m\u00e1 \u0161irokou nab\u00eddkou slu\u017eeb a mnohaletou tradic\u00ed, nyn\u00ed vstupuje do nov\u00e9 etapy rozvoje spoluprac\u00ed s FrutaVita, l\u00eddrem v [&hellip;]","og_url":"https:\/\/katolikgroup.pl\/cs\/frutavita-zacatek-spoluprace\/","og_site_name":"Katolik Group","article_published_time":"2023-04-19T14:00:26+00:00","article_modified_time":"2023-10-09T12:34:33+00:00","og_image":[{"width":1920,"height":650,"url":"https:\/\/katolikgroup.pl\/wp-content\/uploads\/2023\/09\/dostawy-chia-olej-slonecznikowy-1.jpg","type":"image\/jpeg"}],"author":"admin","twitter_card":"summary_large_image","twitter_misc":{"Napsal(a)":"admin","Odhadovan\u00e1 doba \u010dten\u00ed":"2 minuty"},"schema":{"@context":"https:\/\/schema.org","@graph":[{"@type":"Article","@id":"https:\/\/katolikgroup.pl\/cs\/frutavita-zacatek-spoluprace\/#article","isPartOf":{"@id":"https:\/\/katolikgroup.pl\/cs\/frutavita-zacatek-spoluprace\/"},"author":{"name":"admin","@id":"https:\/\/katolikgroup.pl\/#\/schema\/person\/d62c16c283dfc7a00720eefb88179e43"},"headline":"FrutaVita &#8211; za\u010d\u00e1tek spolupr\u00e1ce!","datePublished":"2023-04-19T14:00:26+00:00","dateModified":"2023-10-09T12:34:33+00:00","mainEntityOfPage":{"@id":"https:\/\/katolikgroup.pl\/cs\/frutavita-zacatek-spoluprace\/"},"wordCount":273,"publisher":{"@id":"https:\/\/katolikgroup.pl\/#organization"},"articleSection":["Bez kategorii"],"inLanguage":"cs"},{"@type":"WebPage","@id":"https:\/\/katolikgroup.pl\/cs\/frutavita-zacatek-spoluprace\/","url":"https:\/\/katolikgroup.pl\/cs\/frutavita-zacatek-spoluprace\/","name":"FrutaVita - za\u010d\u00e1tek spolupr\u00e1ce! - Katolik Group","isPartOf":{"@id":"https:\/\/katolikgroup.pl\/#website"},"datePublished":"2023-04-19T14:00:26+00:00","dateModified":"2023-10-09T12:34:33+00:00","breadcrumb":{"@id":"https:\/\/katolikgroup.pl\/cs\/frutavita-zacatek-spoluprace\/#breadcrumb"},"inLanguage":"cs","potentialAction":[{"@type":"ReadAction","target":["https:\/\/katolikgroup.pl\/cs\/frutavita-zacatek-spoluprace\/"]}]},{"@type":"BreadcrumbList","@id":"https:\/\/katolikgroup.pl\/cs\/frutavita-zacatek-spoluprace\/#breadcrumb","itemListElement":[{"@type":"ListItem","position":1,"name":"Strona g\u0142\u00f3wna","item":"https:\/\/katolikgroup.pl\/cs\/"},{"@type":"ListItem","position":2,"name":"FrutaVita &#8211; za\u010d\u00e1tek spolupr\u00e1ce!"}]},{"@type":"WebSite","@id":"https:\/\/katolikgroup.pl\/#website","url":"https:\/\/katolikgroup.pl\/","name":"Katolik Group","description":"","publisher":{"@id":"https:\/\/katolikgroup.pl\/#organization"},"potentialAction":[{"@type":"SearchAction","target":{"@type":"EntryPoint","urlTemplate":"https:\/\/katolikgroup.pl\/?s={search_term_string}"},"query-input":"required name=search_term_string"}],"inLanguage":"cs"},{"@type":"Organization","@id":"https:\/\/katolikgroup.pl\/#organization","name":"Katolik Group","url":"https:\/\/katolikgroup.pl\/","logo":{"@type":"ImageObject","inLanguage":"cs","@id":"https:\/\/katolikgroup.pl\/#\/schema\/logo\/image\/","url":"https:\/\/katolikgroup.pl\/wp-content\/uploads\/2023\/10\/logo_katolik-.webp","contentUrl":"https:\/\/katolikgroup.pl\/wp-content\/uploads\/2023\/10\/logo_katolik-.webp","width":120,"height":73,"caption":"Katolik Group"},"image":{"@id":"https:\/\/katolikgroup.pl\/#\/schema\/logo\/image\/"}},{"@type":"Person","@id":"https:\/\/katolikgroup.pl\/#\/schema\/person\/d62c16c283dfc7a00720eefb88179e43","name":"admin","sameAs":["https:\/\/katolik.abc-x.pl"],"url":"https:\/\/katolikgroup.pl\/cs\/author\/admin\/"}]}},"_links":{"self":[{"href":"https:\/\/katolikgroup.pl\/cs\/wp-json\/wp\/v2\/posts\/3340"}],"collection":[{"href":"https:\/\/katolikgroup.pl\/cs\/wp-json\/wp\/v2\/posts"}],"about":[{"href":"https:\/\/katolikgroup.pl\/cs\/wp-json\/wp\/v2\/types\/post"}],"author":[{"embeddable":true,"href":"https:\/\/katolikgroup.pl\/cs\/wp-json\/wp\/v2\/users\/1"}],"replies":[{"embeddable":true,"href":"https:\/\/katolikgroup.pl\/cs\/wp-json\/wp\/v2\/comments?post=3340"}],"version-history":[{"count":0,"href":"https:\/\/katolikgroup.pl\/cs\/wp-json\/wp\/v2\/posts\/3340\/revisions"}],"wp:featuredmedia":[{"embeddable":true,"href":"https:\/\/katolikgroup.pl\/cs\/wp-json\/wp\/v2\/media\/3253"}],"wp:attachment":[{"href":"https:\/\/katolikgroup.pl\/cs\/wp-json\/wp\/v2\/media?parent=3340"}],"wp:term":[{"taxonomy":"category","embeddable":true,"href":"https:\/\/katolikgroup.pl\/cs\/wp-json\/wp\/v2\/categories?post=3340"},{"taxonomy":"post_tag","embeddable":true,"href":"https:\/\/katolikgroup.pl\/cs\/wp-json\/wp\/v2\/tags?post=3340"}],"curies":[{"name":"wp","href":"https:\/\/api.w.org\/{rel}","templated":true}]}}