{"id":3341,"date":"2020-01-27T20:52:00","date_gmt":"2020-01-27T19:52:00","guid":{"rendered":"https:\/\/katolikgroup.pl\/?p=3341"},"modified":"2023-10-09T14:16:27","modified_gmt":"2023-10-09T12:16:27","slug":"je-lnene-semeno-vytlacovani-chia-semen-z-evropy","status":"publish","type":"post","link":"https:\/\/katolikgroup.pl\/cs\/je-lnene-semeno-vytlacovani-chia-semen-z-evropy\/","title":{"rendered":"JE LN\u011aN\u00c9 SEMENO VYTLA\u010cOV\u00c1N\u00cd CHIA SEMEN Z EVROPY?"},"content":{"rendered":"\r\n<p>Jak\u00e1 byla lo\u0148sk\u00e1 \u00faroda? Co zem\u011bd\u011blci z\u00edskaj\u00ed a co ztrat\u00ed? Jak\u00e9 produkty v zemi chyb\u00ed? Co je v\u00fdhodn\u00e9 dov\u00e1\u017eet? Na tyto a mnoh\u00e9 dal\u0161\u00ed ot\u00e1zky odpov\u011bd\u011bli Piotr J\u0119dras, n\u00e1\u0161 obchodn\u00ed \u0159editel, a Roman Lototskyy, \u0159editel n\u00e1kupu Zveme v\u00e1s ke \u010dten\u00ed\u00a0<a href=\"http:\/\/www.okiemrolnika.pl\" target=\"_blank\" rel=\"noreferrer noopener\">www.okiemrolnika.pl<\/a><\/p>\r\n","protected":false},"excerpt":{"rendered":"<p>Jak\u00e1 byla lo\u0148sk\u00e1 \u00faroda? Co zem\u011bd\u011blci z\u00edskaj\u00ed a co ztrat\u00ed? Jak\u00e9 produkty v zemi chyb\u00ed? Co je v\u00fdhodn\u00e9 dov\u00e1\u017eet? Na tyto a mnoh\u00e9 dal\u0161\u00ed ot\u00e1zky odpov\u011bd\u011bli Piotr J\u0119dras, n\u00e1\u0161 obchodn\u00ed \u0159editel, a Roman Lototskyy, \u0159editel n\u00e1kupu Zveme v\u00e1s ke \u010dten\u00ed\u00a0www.okiemrolnika.pl<\/p>\n","protected":false},"author":1,"featured_media":3053,"comment_status":"closed","ping_status":"closed","sticky":false,"template":"","format":"standard","meta":{"footnotes":""},"categories":[1],"tags":[],"yoast_head":"<!-- This site is optimized with the Yoast SEO plugin v21.8 - https:\/\/yoast.com\/wordpress\/plugins\/seo\/ -->\n<title>JE LN\u011aN\u00c9 SEMENO VYTLA\u010cOV\u00c1N\u00cd CHIA SEMEN Z EVROPY? - Katolik Group<\/title>\n<meta name=\"robots\" content=\"index, follow, max-snippet:-1, max-image-preview:large, max-video-preview:-1\" \/>\n<link rel=\"canonical\" href=\"https:\/\/katolikgroup.pl\/cs\/je-lnene-semeno-vytlacovani-chia-semen-z-evropy\/\" \/>\n<meta property=\"og:locale\" content=\"cs_CZ\" \/>\n<meta property=\"og:type\" content=\"article\" \/>\n<meta property=\"og:title\" content=\"JE LN\u011aN\u00c9 SEMENO VYTLA\u010cOV\u00c1N\u00cd CHIA SEMEN Z EVROPY? - Katolik Group\" \/>\n<meta property=\"og:description\" content=\"Jak\u00e1 byla lo\u0148sk\u00e1 \u00faroda? Co zem\u011bd\u011blci z\u00edskaj\u00ed a co ztrat\u00ed? Jak\u00e9 produkty v zemi chyb\u00ed? Co je v\u00fdhodn\u00e9 dov\u00e1\u017eet? Na tyto a mnoh\u00e9 dal\u0161\u00ed ot\u00e1zky odpov\u011bd\u011bli Piotr J\u0119dras, n\u00e1\u0161 obchodn\u00ed \u0159editel, a Roman Lototskyy, \u0159editel n\u00e1kupu Zveme v\u00e1s ke \u010dten\u00ed\u00a0www.okiemrolnika.pl\" \/>\n<meta property=\"og:url\" content=\"https:\/\/katolikgroup.pl\/cs\/je-lnene-semeno-vytlacovani-chia-semen-z-evropy\/\" \/>\n<meta property=\"og:site_name\" content=\"Katolik Group\" \/>\n<meta property=\"article:published_time\" content=\"2020-01-27T19:52:00+00:00\" \/>\n<meta property=\"article:modified_time\" content=\"2023-10-09T12:16:27+00:00\" \/>\n<meta property=\"og:image\" content=\"https:\/\/katolikgroup.pl\/wp-content\/uploads\/2019\/09\/siemie-lniane.jpg\" \/>\n\t<meta property=\"og:image:width\" content=\"1024\" \/>\n\t<meta property=\"og:image:height\" content=\"683\" \/>\n\t<meta property=\"og:image:type\" content=\"image\/jpeg\" \/>\n<meta name=\"author\" content=\"admin\" \/>\n<meta name=\"twitter:card\" content=\"summary_large_image\" \/>\n<meta name=\"twitter:label1\" content=\"Napsal(a)\" \/>\n\t<meta name=\"twitter:data1\" content=\"admin\" \/>\n\t<meta name=\"twitter:label2\" content=\"Odhadovan\u00e1 doba \u010dten\u00ed\" \/>\n\t<meta name=\"twitter:data2\" content=\"1 minuta\" \/>\n<script type=\"application\/ld+json\" class=\"yoast-schema-graph\">{\"@context\":\"https:\/\/schema.org\",\"@graph\":[{\"@type\":\"Article\",\"@id\":\"https:\/\/katolikgroup.pl\/cs\/je-lnene-semeno-vytlacovani-chia-semen-z-evropy\/#article\",\"isPartOf\":{\"@id\":\"https:\/\/katolikgroup.pl\/cs\/je-lnene-semeno-vytlacovani-chia-semen-z-evropy\/\"},\"author\":{\"name\":\"admin\",\"@id\":\"https:\/\/katolikgroup.pl\/#\/schema\/person\/d62c16c283dfc7a00720eefb88179e43\"},\"headline\":\"JE LN\u011aN\u00c9 SEMENO VYTLA\u010cOV\u00c1N\u00cd CHIA SEMEN Z EVROPY?\",\"datePublished\":\"2020-01-27T19:52:00+00:00\",\"dateModified\":\"2023-10-09T12:16:27+00:00\",\"mainEntityOfPage\":{\"@id\":\"https:\/\/katolikgroup.pl\/cs\/je-lnene-semeno-vytlacovani-chia-semen-z-evropy\/\"},\"wordCount\":66,\"publisher\":{\"@id\":\"https:\/\/katolikgroup.pl\/#organization\"},\"articleSection\":[\"Bez kategorii\"],\"inLanguage\":\"cs\"},{\"@type\":\"WebPage\",\"@id\":\"https:\/\/katolikgroup.pl\/cs\/je-lnene-semeno-vytlacovani-chia-semen-z-evropy\/\",\"url\":\"https:\/\/katolikgroup.pl\/cs\/je-lnene-semeno-vytlacovani-chia-semen-z-evropy\/\",\"name\":\"JE LN\u011aN\u00c9 SEMENO VYTLA\u010cOV\u00c1N\u00cd CHIA SEMEN Z EVROPY? - Katolik Group\",\"isPartOf\":{\"@id\":\"https:\/\/katolikgroup.pl\/#website\"},\"datePublished\":\"2020-01-27T19:52:00+00:00\",\"dateModified\":\"2023-10-09T12:16:27+00:00\",\"breadcrumb\":{\"@id\":\"https:\/\/katolikgroup.pl\/cs\/je-lnene-semeno-vytlacovani-chia-semen-z-evropy\/#breadcrumb\"},\"inLanguage\":\"cs\",\"potentialAction\":[{\"@type\":\"ReadAction\",\"target\":[\"https:\/\/katolikgroup.pl\/cs\/je-lnene-semeno-vytlacovani-chia-semen-z-evropy\/\"]}]},{\"@type\":\"BreadcrumbList\",\"@id\":\"https:\/\/katolikgroup.pl\/cs\/je-lnene-semeno-vytlacovani-chia-semen-z-evropy\/#breadcrumb\",\"itemListElement\":[{\"@type\":\"ListItem\",\"position\":1,\"name\":\"Strona g\u0142\u00f3wna\",\"item\":\"https:\/\/katolikgroup.pl\/cs\/\"},{\"@type\":\"ListItem\",\"position\":2,\"name\":\"JE LN\u011aN\u00c9 SEMENO VYTLA\u010cOV\u00c1N\u00cd CHIA SEMEN Z EVROPY?\"}]},{\"@type\":\"WebSite\",\"@id\":\"https:\/\/katolikgroup.pl\/#website\",\"url\":\"https:\/\/katolikgroup.pl\/\",\"name\":\"Katolik Group\",\"description\":\"\",\"publisher\":{\"@id\":\"https:\/\/katolikgroup.pl\/#organization\"},\"potentialAction\":[{\"@type\":\"SearchAction\",\"target\":{\"@type\":\"EntryPoint\",\"urlTemplate\":\"https:\/\/katolikgroup.pl\/?s={search_term_string}\"},\"query-input\":\"required name=search_term_string\"}],\"inLanguage\":\"cs\"},{\"@type\":\"Organization\",\"@id\":\"https:\/\/katolikgroup.pl\/#organization\",\"name\":\"Katolik Group\",\"url\":\"https:\/\/katolikgroup.pl\/\",\"logo\":{\"@type\":\"ImageObject\",\"inLanguage\":\"cs\",\"@id\":\"https:\/\/katolikgroup.pl\/#\/schema\/logo\/image\/\",\"url\":\"https:\/\/katolikgroup.pl\/wp-content\/uploads\/2023\/10\/logo_katolik-.webp\",\"contentUrl\":\"https:\/\/katolikgroup.pl\/wp-content\/uploads\/2023\/10\/logo_katolik-.webp\",\"width\":120,\"height\":73,\"caption\":\"Katolik Group\"},\"image\":{\"@id\":\"https:\/\/katolikgroup.pl\/#\/schema\/logo\/image\/\"}},{\"@type\":\"Person\",\"@id\":\"https:\/\/katolikgroup.pl\/#\/schema\/person\/d62c16c283dfc7a00720eefb88179e43\",\"name\":\"admin\",\"sameAs\":[\"https:\/\/katolik.abc-x.pl\"],\"url\":\"https:\/\/katolikgroup.pl\/cs\/author\/admin\/\"}]}<\/script>\n<!-- \/ Yoast SEO plugin. -->","yoast_head_json":{"title":"JE LN\u011aN\u00c9 SEMENO VYTLA\u010cOV\u00c1N\u00cd CHIA SEMEN Z EVROPY? - Katolik Group","robots":{"index":"index","follow":"follow","max-snippet":"max-snippet:-1","max-image-preview":"max-image-preview:large","max-video-preview":"max-video-preview:-1"},"canonical":"https:\/\/katolikgroup.pl\/cs\/je-lnene-semeno-vytlacovani-chia-semen-z-evropy\/","og_locale":"cs_CZ","og_type":"article","og_title":"JE LN\u011aN\u00c9 SEMENO VYTLA\u010cOV\u00c1N\u00cd CHIA SEMEN Z EVROPY? - Katolik Group","og_description":"Jak\u00e1 byla lo\u0148sk\u00e1 \u00faroda? Co zem\u011bd\u011blci z\u00edskaj\u00ed a co ztrat\u00ed? Jak\u00e9 produkty v zemi chyb\u00ed? Co je v\u00fdhodn\u00e9 dov\u00e1\u017eet? Na tyto a mnoh\u00e9 dal\u0161\u00ed ot\u00e1zky odpov\u011bd\u011bli Piotr J\u0119dras, n\u00e1\u0161 obchodn\u00ed \u0159editel, a Roman Lototskyy, \u0159editel n\u00e1kupu Zveme v\u00e1s ke \u010dten\u00ed\u00a0www.okiemrolnika.pl","og_url":"https:\/\/katolikgroup.pl\/cs\/je-lnene-semeno-vytlacovani-chia-semen-z-evropy\/","og_site_name":"Katolik Group","article_published_time":"2020-01-27T19:52:00+00:00","article_modified_time":"2023-10-09T12:16:27+00:00","og_image":[{"width":1024,"height":683,"url":"https:\/\/katolikgroup.pl\/wp-content\/uploads\/2019\/09\/siemie-lniane.jpg","type":"image\/jpeg"}],"author":"admin","twitter_card":"summary_large_image","twitter_misc":{"Napsal(a)":"admin","Odhadovan\u00e1 doba \u010dten\u00ed":"1 minuta"},"schema":{"@context":"https:\/\/schema.org","@graph":[{"@type":"Article","@id":"https:\/\/katolikgroup.pl\/cs\/je-lnene-semeno-vytlacovani-chia-semen-z-evropy\/#article","isPartOf":{"@id":"https:\/\/katolikgroup.pl\/cs\/je-lnene-semeno-vytlacovani-chia-semen-z-evropy\/"},"author":{"name":"admin","@id":"https:\/\/katolikgroup.pl\/#\/schema\/person\/d62c16c283dfc7a00720eefb88179e43"},"headline":"JE LN\u011aN\u00c9 SEMENO VYTLA\u010cOV\u00c1N\u00cd CHIA SEMEN Z EVROPY?","datePublished":"2020-01-27T19:52:00+00:00","dateModified":"2023-10-09T12:16:27+00:00","mainEntityOfPage":{"@id":"https:\/\/katolikgroup.pl\/cs\/je-lnene-semeno-vytlacovani-chia-semen-z-evropy\/"},"wordCount":66,"publisher":{"@id":"https:\/\/katolikgroup.pl\/#organization"},"articleSection":["Bez kategorii"],"inLanguage":"cs"},{"@type":"WebPage","@id":"https:\/\/katolikgroup.pl\/cs\/je-lnene-semeno-vytlacovani-chia-semen-z-evropy\/","url":"https:\/\/katolikgroup.pl\/cs\/je-lnene-semeno-vytlacovani-chia-semen-z-evropy\/","name":"JE LN\u011aN\u00c9 SEMENO VYTLA\u010cOV\u00c1N\u00cd CHIA SEMEN Z EVROPY? - Katolik Group","isPartOf":{"@id":"https:\/\/katolikgroup.pl\/#website"},"datePublished":"2020-01-27T19:52:00+00:00","dateModified":"2023-10-09T12:16:27+00:00","breadcrumb":{"@id":"https:\/\/katolikgroup.pl\/cs\/je-lnene-semeno-vytlacovani-chia-semen-z-evropy\/#breadcrumb"},"inLanguage":"cs","potentialAction":[{"@type":"ReadAction","target":["https:\/\/katolikgroup.pl\/cs\/je-lnene-semeno-vytlacovani-chia-semen-z-evropy\/"]}]},{"@type":"BreadcrumbList","@id":"https:\/\/katolikgroup.pl\/cs\/je-lnene-semeno-vytlacovani-chia-semen-z-evropy\/#breadcrumb","itemListElement":[{"@type":"ListItem","position":1,"name":"Strona g\u0142\u00f3wna","item":"https:\/\/katolikgroup.pl\/cs\/"},{"@type":"ListItem","position":2,"name":"JE LN\u011aN\u00c9 SEMENO VYTLA\u010cOV\u00c1N\u00cd CHIA SEMEN Z EVROPY?"}]},{"@type":"WebSite","@id":"https:\/\/katolikgroup.pl\/#website","url":"https:\/\/katolikgroup.pl\/","name":"Katolik Group","description":"","publisher":{"@id":"https:\/\/katolikgroup.pl\/#organization"},"potentialAction":[{"@type":"SearchAction","target":{"@type":"EntryPoint","urlTemplate":"https:\/\/katolikgroup.pl\/?s={search_term_string}"},"query-input":"required name=search_term_string"}],"inLanguage":"cs"},{"@type":"Organization","@id":"https:\/\/katolikgroup.pl\/#organization","name":"Katolik Group","url":"https:\/\/katolikgroup.pl\/","logo":{"@type":"ImageObject","inLanguage":"cs","@id":"https:\/\/katolikgroup.pl\/#\/schema\/logo\/image\/","url":"https:\/\/katolikgroup.pl\/wp-content\/uploads\/2023\/10\/logo_katolik-.webp","contentUrl":"https:\/\/katolikgroup.pl\/wp-content\/uploads\/2023\/10\/logo_katolik-.webp","width":120,"height":73,"caption":"Katolik Group"},"image":{"@id":"https:\/\/katolikgroup.pl\/#\/schema\/logo\/image\/"}},{"@type":"Person","@id":"https:\/\/katolikgroup.pl\/#\/schema\/person\/d62c16c283dfc7a00720eefb88179e43","name":"admin","sameAs":["https:\/\/katolik.abc-x.pl"],"url":"https:\/\/katolikgroup.pl\/cs\/author\/admin\/"}]}},"_links":{"self":[{"href":"https:\/\/katolikgroup.pl\/cs\/wp-json\/wp\/v2\/posts\/3341"}],"collection":[{"href":"https:\/\/katolikgroup.pl\/cs\/wp-json\/wp\/v2\/posts"}],"about":[{"href":"https:\/\/katolikgroup.pl\/cs\/wp-json\/wp\/v2\/types\/post"}],"author":[{"embeddable":true,"href":"https:\/\/katolikgroup.pl\/cs\/wp-json\/wp\/v2\/users\/1"}],"replies":[{"embeddable":true,"href":"https:\/\/katolikgroup.pl\/cs\/wp-json\/wp\/v2\/comments?post=3341"}],"version-history":[{"count":0,"href":"https:\/\/katolikgroup.pl\/cs\/wp-json\/wp\/v2\/posts\/3341\/revisions"}],"wp:featuredmedia":[{"embeddable":true,"href":"https:\/\/katolikgroup.pl\/cs\/wp-json\/wp\/v2\/media\/3053"}],"wp:attachment":[{"href":"https:\/\/katolikgroup.pl\/cs\/wp-json\/wp\/v2\/media?parent=3341"}],"wp:term":[{"taxonomy":"category","embeddable":true,"href":"https:\/\/katolikgroup.pl\/cs\/wp-json\/wp\/v2\/categories?post=3341"},{"taxonomy":"post_tag","embeddable":true,"href":"https:\/\/katolikgroup.pl\/cs\/wp-json\/wp\/v2\/tags?post=3341"}],"curies":[{"name":"wp","href":"https:\/\/api.w.org\/{rel}","templated":true}]}}